{"id":8082,"date":"2020-11-16T15:44:57","date_gmt":"2020-11-16T21:44:57","guid":{"rendered":"https:\/\/encuentroinformativo.com.mx\/?p=8082"},"modified":"2020-11-16T15:45:00","modified_gmt":"2020-11-16T21:45:00","slug":"necesario-crear-alianzas-david-velasco","status":"publish","type":"post","link":"https:\/\/encuentroinformativo.com.mx\/?p=8082","title":{"rendered":"Necesario crear alianzas: David Velasco"},"content":{"rendered":"\n<p><strong>Dar\u00edo Pale <\/strong><\/p>\n\n\n\n<p>Xalapa, Ver.- Para las pr\u00f3ximas elecciones ser\u00eda muy conveniente que existiera una alianza entre los partidos pol\u00edticos PRI, PAN y PRD, asi lo se\u00f1al\u00f3 el\u00a0empresario y ex alcalde de Xalapa David Velasco Chedraui.<\/p>\n\n\n\n<p>Entrevistado en conocido caf\u00e9 del centro de Xalapa, y despu\u00e9s de reunirse con el dirigente estatal del PAN Joaqu\u00edn Guzm\u00e1n Avil\u00e9s, reconoci\u00f3 que de cara al proceso electoral se ha reunido con diversos partidos pol\u00edticos, por lo que destac\u00f3 que a\u00fan no son los tiempos.<\/p>\n\n\n\n<p>Sin embargo, dej\u00f3 entrever que la colaci\u00f3n ser\u00e1 importante y la m\u00e1s fuerte &#8220;unidos se puede hacer m\u00e1s que ir por separado&#8221;, no obstante dio a conocer que tambi\u00e9n se ha reunido con los dirigentes de otros partidos pol\u00edticos.<\/p>\n\n\n\n<p>Finalmente Velasco Chedraui sostuvo que para la contienda ser\u00e1 importante el candidato no s\u00f3lo el partido participante &#8220;un factor importante ser\u00e1 la persona, sus antecedentes y su carrera; si en el pasado fue tranza no creo que se le quite de la noche a la ma\u00f1ana&#8221;.<\/p>\n","protected":false},"excerpt":{"rendered":"<p>Dar\u00edo Pale Xalapa, Ver.- Para las pr\u00f3ximas elecciones ser\u00eda muy conveniente que existiera una alianza entre los partidos pol\u00edticos PRI, PAN y PRD, asi lo se\u00f1al\u00f3 el\u00a0empresario y ex alcalde de Xalapa David Velasco Chedraui. Entrevistado en conocido caf\u00e9 del centro de Xalapa, y despu\u00e9s de reunirse con el dirigente estatal del PAN Joaqu\u00edn Guzm\u00e1n [&hellip;]<\/p>\n","protected":false},"author":1,"featured_media":8083,"comment_status":"open","ping_status":"open","sticky":false,"template":"","format":"standard","meta":{"_jetpack_memberships_contains_paid_content":false,"footnotes":""},"categories":[3],"tags":[],"class_list":["post-8082","post","type-post","status-publish","format-standard","has-post-thumbnail","hentry","category-xalapa"],"jetpack_featured_media_url":"https:\/\/encuentroinformativo.com.mx\/wp-content\/uploads\/2020\/11\/8D1743E2-9A1B-4552-8094-E4F2F319DC3D.jpeg","jetpack_sharing_enabled":true,"jetpack_likes_enabled":true,"amp_enabled":true,"_links":{"self":[{"href":"https:\/\/encuentroinformativo.com.mx\/index.php?rest_route=\/wp\/v2\/posts\/8082","targetHints":{"allow":["GET"]}}],"collection":[{"href":"https:\/\/encuentroinformativo.com.mx\/index.php?rest_route=\/wp\/v2\/posts"}],"about":[{"href":"https:\/\/encuentroinformativo.com.mx\/index.php?rest_route=\/wp\/v2\/types\/post"}],"author":[{"embeddable":true,"href":"https:\/\/encuentroinformativo.com.mx\/index.php?rest_route=\/wp\/v2\/users\/1"}],"replies":[{"embeddable":true,"href":"https:\/\/encuentroinformativo.com.mx\/index.php?rest_route=%2Fwp%2Fv2%2Fcomments&post=8082"}],"version-history":[{"count":1,"href":"https:\/\/encuentroinformativo.com.mx\/index.php?rest_route=\/wp\/v2\/posts\/8082\/revisions"}],"predecessor-version":[{"id":8084,"href":"https:\/\/encuentroinformativo.com.mx\/index.php?rest_route=\/wp\/v2\/posts\/8082\/revisions\/8084"}],"wp:featuredmedia":[{"embeddable":true,"href":"https:\/\/encuentroinformativo.com.mx\/index.php?rest_route=\/wp\/v2\/media\/8083"}],"wp:attachment":[{"href":"https:\/\/encuentroinformativo.com.mx\/index.php?rest_route=%2Fwp%2Fv2%2Fmedia&parent=8082"}],"wp:term":[{"taxonomy":"category","embeddable":true,"href":"https:\/\/encuentroinformativo.com.mx\/index.php?rest_route=%2Fwp%2Fv2%2Fcategories&post=8082"},{"taxonomy":"post_tag","embeddable":true,"href":"https:\/\/encuentroinformativo.com.mx\/index.php?rest_route=%2Fwp%2Fv2%2Ftags&post=8082"}],"curies":[{"name":"wp","href":"https:\/\/api.w.org\/{rel}","templated":true}]}}