{"id":8088,"date":"2020-11-16T16:16:35","date_gmt":"2020-11-16T22:16:35","guid":{"rendered":"https:\/\/encuentroinformativo.com.mx\/?p=8088"},"modified":"2020-11-16T16:16:39","modified_gmt":"2020-11-16T22:16:39","slug":"habra-ajuste-presupuestal-para-veracruz-sefiplan","status":"publish","type":"post","link":"https:\/\/encuentroinformativo.com.mx\/?p=8088","title":{"rendered":"Habr\u00e1 ajuste presupuestal para Veracruz: Sefiplan"},"content":{"rendered":"\n<p><strong>Dar\u00edo Pale <\/strong><\/p>\n\n\n\n<p>Xalapa, Ver.- Para el pr\u00f3ximo a\u00f1o se har\u00e1 un ajuste presupuestal al techo financiero para el estado de Veracruz, esto despu\u00e9s del recorte que realizaron los diputados federales, as\u00ed lo inform\u00f3 el\u00a0secretario de Finanzas y Planeaci\u00f3n en Veracruz, Jos\u00e9 Luis Lima Franco,\u00a0 adelant\u00f3 que se har\u00e1 un ajuste financiero al techo financiero del estado para el 2021.<\/p>\n\n\n\n<p>Entrevistado en las afueras del teatro del estado previo al segundo informe del gobernador, se\u00f1al\u00f3 que esto se debe a que los diputados federales votar\u00e1n por un recorte de hasta 19 mil millones de pesos al presupuesto de Veracruz.<\/p>\n\n\n\n<p>El funcionario estatal dijo que se va a hacer los ajustes en el gasto corriente a fin de no afectar proyectos de obra p\u00fablica o sociales y con esto no afectar a las personas m\u00e1s vulnerables.<\/p>\n\n\n\n<p>Mencion\u00f3 que el presupuesto que ya se entreg\u00f3 al Congreso del Estado, es austero, lo que permitir\u00e1 que se tengan mejores acciones financieras a favor de Veracruz.<\/p>\n\n\n\n<p>Jos\u00e9 Luis Lima agreg\u00f3 que para principios del mes de enero, se anunciar\u00e1 un programa que busca apoyar a las y los contribuyentes que deben impuestos, inform\u00f3 que estos impuestos est\u00e1n relacionados con aquellos que se pagan sobre la n\u00f3mina as\u00ed como los derechos vehiculares o tenencia.<\/p>\n\n\n\n<p>Finalmente dio a conocer que, &#8220;es una posibilidad para que se pongan al corriente, porque quiz\u00e1 por la pandemia no pudieron hacerlo en este a\u00f1o\u201d.<\/p>\n","protected":false},"excerpt":{"rendered":"<p>Dar\u00edo Pale Xalapa, Ver.- Para el pr\u00f3ximo a\u00f1o se har\u00e1 un ajuste presupuestal al techo financiero para el estado de Veracruz, esto despu\u00e9s del recorte que realizaron los diputados federales, as\u00ed lo inform\u00f3 el\u00a0secretario de Finanzas y Planeaci\u00f3n en Veracruz, Jos\u00e9 Luis Lima Franco,\u00a0 adelant\u00f3 que se har\u00e1 un ajuste financiero al techo financiero del [&hellip;]<\/p>\n","protected":false},"author":1,"featured_media":8089,"comment_status":"open","ping_status":"open","sticky":false,"template":"","format":"standard","meta":{"_jetpack_memberships_contains_paid_content":false,"footnotes":""},"categories":[2],"tags":[],"class_list":["post-8088","post","type-post","status-publish","format-standard","has-post-thumbnail","hentry","category-estado"],"jetpack_featured_media_url":"https:\/\/encuentroinformativo.com.mx\/wp-content\/uploads\/2020\/11\/CAE351A1-73E7-45EB-A025-7D66E9E5D979.jpeg","jetpack_sharing_enabled":true,"jetpack_likes_enabled":true,"amp_enabled":true,"_links":{"self":[{"href":"https:\/\/encuentroinformativo.com.mx\/index.php?rest_route=\/wp\/v2\/posts\/8088","targetHints":{"allow":["GET"]}}],"collection":[{"href":"https:\/\/encuentroinformativo.com.mx\/index.php?rest_route=\/wp\/v2\/posts"}],"about":[{"href":"https:\/\/encuentroinformativo.com.mx\/index.php?rest_route=\/wp\/v2\/types\/post"}],"author":[{"embeddable":true,"href":"https:\/\/encuentroinformativo.com.mx\/index.php?rest_route=\/wp\/v2\/users\/1"}],"replies":[{"embeddable":true,"href":"https:\/\/encuentroinformativo.com.mx\/index.php?rest_route=%2Fwp%2Fv2%2Fcomments&post=8088"}],"version-history":[{"count":1,"href":"https:\/\/encuentroinformativo.com.mx\/index.php?rest_route=\/wp\/v2\/posts\/8088\/revisions"}],"predecessor-version":[{"id":8090,"href":"https:\/\/encuentroinformativo.com.mx\/index.php?rest_route=\/wp\/v2\/posts\/8088\/revisions\/8090"}],"wp:featuredmedia":[{"embeddable":true,"href":"https:\/\/encuentroinformativo.com.mx\/index.php?rest_route=\/wp\/v2\/media\/8089"}],"wp:attachment":[{"href":"https:\/\/encuentroinformativo.com.mx\/index.php?rest_route=%2Fwp%2Fv2%2Fmedia&parent=8088"}],"wp:term":[{"taxonomy":"category","embeddable":true,"href":"https:\/\/encuentroinformativo.com.mx\/index.php?rest_route=%2Fwp%2Fv2%2Fcategories&post=8088"},{"taxonomy":"post_tag","embeddable":true,"href":"https:\/\/encuentroinformativo.com.mx\/index.php?rest_route=%2Fwp%2Fv2%2Ftags&post=8088"}],"curies":[{"name":"wp","href":"https:\/\/api.w.org\/{rel}","templated":true}]}}