{"id":8091,"date":"2020-11-16T16:30:02","date_gmt":"2020-11-16T22:30:02","guid":{"rendered":"https:\/\/encuentroinformativo.com.mx\/?p=8091"},"modified":"2020-11-16T16:30:06","modified_gmt":"2020-11-16T22:30:06","slug":"pese-a-violencia-no-cambiaran-estrategia-en-seguridad","status":"publish","type":"post","link":"https:\/\/encuentroinformativo.com.mx\/?p=8091","title":{"rendered":"Pese a violencia, no cambiar\u00e1n estrategia en seguridad"},"content":{"rendered":"\n<p><strong>Dar\u00edo Pale <\/strong><\/p>\n\n\n\n<p>Xalapa, Ver.- El titular de la Secretar\u00eda de Seguridad P\u00fablica en Veracruz Hugo Guti\u00e9rrez Maldonado dio a conocer que no cambiar\u00e1 de estrategia en combate contra la inseguridad.<\/p>\n\n\n\n<p>Entrevistado a su arribo al teatro del Estado donde se llev\u00f3 a cabo el segundo informe de gobierno, mencion\u00f3 que con est\u00e1s medidas se ha logrado disminuir el indice delictivo, inicuos dijo, ya hay 17 detenciones de jefes de plaza en el estado.<\/p>\n\n\n\n<p>&#8220;Vamos a seguir trabajando en la misma ruta, seguir trabajando en la disminuci\u00f3n de los \u00edndices delictivos, porque el tema de la seguridad es de todos los d\u00edas\u201d, se\u00f1al\u00f3.<\/p>\n\n\n\n<p>El funcionario estatal resalt\u00f3 que hubo m\u00e1s de 2 mil detenciones de miembros de la delincuencia organizada.<\/p>\n\n\n\n<p>&#8220;Estamos deteniendo de todos los carteles, porque el gobierno del estado no va a pactar con nadie\u201d, afirm\u00f3 al tiempo que agreg\u00f3 que en el norte del estado, se cuenta con grupos de inteligencia.<\/p>\n\n\n\n<p>Finalmente se\u00f1al\u00f3 que, &#8220;ah\u00ed est\u00e1 el grupo Sombra que es el grupo armado del Cartel del\u00a0 Golfo\u201d, por lo cual est\u00e1n tomando todas las medidas preventivas necesarias.<\/p>\n","protected":false},"excerpt":{"rendered":"<p>Dar\u00edo Pale Xalapa, Ver.- El titular de la Secretar\u00eda de Seguridad P\u00fablica en Veracruz Hugo Guti\u00e9rrez Maldonado dio a conocer que no cambiar\u00e1 de estrategia en combate contra la inseguridad. Entrevistado a su arribo al teatro del Estado donde se llev\u00f3 a cabo el segundo informe de gobierno, mencion\u00f3 que con est\u00e1s medidas se ha [&hellip;]<\/p>\n","protected":false},"author":1,"featured_media":8092,"comment_status":"open","ping_status":"open","sticky":false,"template":"","format":"standard","meta":{"_jetpack_memberships_contains_paid_content":false,"footnotes":""},"categories":[2],"tags":[],"class_list":["post-8091","post","type-post","status-publish","format-standard","has-post-thumbnail","hentry","category-estado"],"jetpack_featured_media_url":"https:\/\/encuentroinformativo.com.mx\/wp-content\/uploads\/2020\/11\/AC1374D7-0E6A-4085-A3E5-578FF66D5F40.jpeg","jetpack_sharing_enabled":true,"jetpack_likes_enabled":true,"amp_enabled":true,"_links":{"self":[{"href":"https:\/\/encuentroinformativo.com.mx\/index.php?rest_route=\/wp\/v2\/posts\/8091","targetHints":{"allow":["GET"]}}],"collection":[{"href":"https:\/\/encuentroinformativo.com.mx\/index.php?rest_route=\/wp\/v2\/posts"}],"about":[{"href":"https:\/\/encuentroinformativo.com.mx\/index.php?rest_route=\/wp\/v2\/types\/post"}],"author":[{"embeddable":true,"href":"https:\/\/encuentroinformativo.com.mx\/index.php?rest_route=\/wp\/v2\/users\/1"}],"replies":[{"embeddable":true,"href":"https:\/\/encuentroinformativo.com.mx\/index.php?rest_route=%2Fwp%2Fv2%2Fcomments&post=8091"}],"version-history":[{"count":1,"href":"https:\/\/encuentroinformativo.com.mx\/index.php?rest_route=\/wp\/v2\/posts\/8091\/revisions"}],"predecessor-version":[{"id":8093,"href":"https:\/\/encuentroinformativo.com.mx\/index.php?rest_route=\/wp\/v2\/posts\/8091\/revisions\/8093"}],"wp:featuredmedia":[{"embeddable":true,"href":"https:\/\/encuentroinformativo.com.mx\/index.php?rest_route=\/wp\/v2\/media\/8092"}],"wp:attachment":[{"href":"https:\/\/encuentroinformativo.com.mx\/index.php?rest_route=%2Fwp%2Fv2%2Fmedia&parent=8091"}],"wp:term":[{"taxonomy":"category","embeddable":true,"href":"https:\/\/encuentroinformativo.com.mx\/index.php?rest_route=%2Fwp%2Fv2%2Fcategories&post=8091"},{"taxonomy":"post_tag","embeddable":true,"href":"https:\/\/encuentroinformativo.com.mx\/index.php?rest_route=%2Fwp%2Fv2%2Ftags&post=8091"}],"curies":[{"name":"wp","href":"https:\/\/api.w.org\/{rel}","templated":true}]}}