{"id":8099,"date":"2020-11-16T11:46:49","date_gmt":"2020-11-16T17:46:49","guid":{"rendered":"https:\/\/encuentroinformativo.com.mx\/?p=8099"},"modified":"2020-11-16T16:49:38","modified_gmt":"2020-11-16T22:49:38","slug":"pandemia-aumento-indices-de-pobreza-en-veracruz-reconoce-sedesol","status":"publish","type":"post","link":"https:\/\/encuentroinformativo.com.mx\/?p=8099","title":{"rendered":"Pandemia aument\u00f3 \u00edndices de pobreza en Veracruz, reconoce Sedesol"},"content":{"rendered":"\n<p><strong>Dar\u00edo Pale\u00a0<\/strong><\/p>\n\n\n\n<p>Xalapa, Ver.- Debido a la pandemia el n\u00famero de pobreza aument\u00f3 entre el mes de junio y julio, esto derivado de la falta de trabajo y los empleos que se perdieron as\u00ed lo inform\u00f3 el Secretario de Desarrollo Social en el estado, Guillermo Fern\u00e1ndez S\u00e1nchez.&nbsp;<\/p>\n\n\n\n<p>Entrevistado en el Teatro del Estado previo al segundo informe del gobernador, dijo que durante la pandemia tomaron recursos de su presupuesto para apoyar a alguna parte de la poblaci\u00f3n principalmente a qui\u00e9nes quedaron desprotegidos.<\/p>\n\n\n\n<p>Se\u00f1alo que el a\u00f1o pasado tuvieron 24 mil acciones para todo el estado y \u00e9ste a\u00f1o les permiti\u00f3 llegar a m\u00e1s poblaci\u00f3n, ya que otorgaron cerca de 58 mil apoyos solo para trabajadores y conductores taxistas.&nbsp;<\/p>\n\n\n\n<p>\u201cHicimos 58 mil acciones solo para el segmento de conductores del volante no concesionarios y empleados de cultura y turismo. Los apoyos de mil pesos, lo tenemos documentado, alcanza para que una familia entre diez y quince d\u00edas llene su despensa, sectores muy desprotegidos, es un apoyo que dimos y lo tomamos de nuestro presupuesto\u201d, coment\u00f3.<\/p>\n\n\n\n<p>Dio a conocer que una familia vulnerable en promedio puede adquirir una despensa de mil pesos que le dure para 15 d\u00edas.<\/p>\n\n\n\n<p>Para finalizar dijo que las cifras del Consejo Nacional de Evaluaci\u00f3n de la Pol\u00edtica de Desarrollo Social (CONEVAL), muestran que persiste el rezago social y la pobreza en Veracruz. &nbsp;&nbsp;<\/p>\n","protected":false},"excerpt":{"rendered":"<p>Dar\u00edo Pale\u00a0 Xalapa, Ver.- Debido a la pandemia el n\u00famero de pobreza aument\u00f3 entre el mes de junio y julio, esto derivado de la falta de trabajo y los empleos que se perdieron as\u00ed lo inform\u00f3 el Secretario de Desarrollo Social en el estado, Guillermo Fern\u00e1ndez S\u00e1nchez.&nbsp; Entrevistado en el Teatro del Estado previo al [&hellip;]<\/p>\n","protected":false},"author":1,"featured_media":8095,"comment_status":"open","ping_status":"open","sticky":false,"template":"","format":"standard","meta":{"_jetpack_memberships_contains_paid_content":false,"footnotes":""},"categories":[2],"tags":[],"class_list":["post-8099","post","type-post","status-publish","format-standard","has-post-thumbnail","hentry","category-estado"],"jetpack_featured_media_url":"https:\/\/encuentroinformativo.com.mx\/wp-content\/uploads\/2020\/11\/D2C7A2F9-6182-46DD-8DB0-46A57ADF89DE.jpeg","jetpack_sharing_enabled":true,"jetpack_likes_enabled":true,"amp_enabled":true,"_links":{"self":[{"href":"https:\/\/encuentroinformativo.com.mx\/index.php?rest_route=\/wp\/v2\/posts\/8099","targetHints":{"allow":["GET"]}}],"collection":[{"href":"https:\/\/encuentroinformativo.com.mx\/index.php?rest_route=\/wp\/v2\/posts"}],"about":[{"href":"https:\/\/encuentroinformativo.com.mx\/index.php?rest_route=\/wp\/v2\/types\/post"}],"author":[{"embeddable":true,"href":"https:\/\/encuentroinformativo.com.mx\/index.php?rest_route=\/wp\/v2\/users\/1"}],"replies":[{"embeddable":true,"href":"https:\/\/encuentroinformativo.com.mx\/index.php?rest_route=%2Fwp%2Fv2%2Fcomments&post=8099"}],"version-history":[{"count":1,"href":"https:\/\/encuentroinformativo.com.mx\/index.php?rest_route=\/wp\/v2\/posts\/8099\/revisions"}],"predecessor-version":[{"id":8100,"href":"https:\/\/encuentroinformativo.com.mx\/index.php?rest_route=\/wp\/v2\/posts\/8099\/revisions\/8100"}],"wp:featuredmedia":[{"embeddable":true,"href":"https:\/\/encuentroinformativo.com.mx\/index.php?rest_route=\/wp\/v2\/media\/8095"}],"wp:attachment":[{"href":"https:\/\/encuentroinformativo.com.mx\/index.php?rest_route=%2Fwp%2Fv2%2Fmedia&parent=8099"}],"wp:term":[{"taxonomy":"category","embeddable":true,"href":"https:\/\/encuentroinformativo.com.mx\/index.php?rest_route=%2Fwp%2Fv2%2Fcategories&post=8099"},{"taxonomy":"post_tag","embeddable":true,"href":"https:\/\/encuentroinformativo.com.mx\/index.php?rest_route=%2Fwp%2Fv2%2Ftags&post=8099"}],"curies":[{"name":"wp","href":"https:\/\/api.w.org\/{rel}","templated":true}]}}