{"id":8106,"date":"2020-11-17T08:36:22","date_gmt":"2020-11-17T14:36:22","guid":{"rendered":"https:\/\/encuentroinformativo.com.mx\/?p=8106"},"modified":"2020-11-17T08:36:25","modified_gmt":"2020-11-17T14:36:25","slug":"a-un-punto-de-jubilarse-enfermera-del-haev-pierde-batalla-contra-covid-19","status":"publish","type":"post","link":"https:\/\/encuentroinformativo.com.mx\/?p=8106","title":{"rendered":"A un punto de jubilarse, enfermera del HAEV pierde batalla contra COVID-19"},"content":{"rendered":"\n<p><strong>Alejandro \u00c1vila<\/strong><\/p>\n\n\n\n<p>Veracruz, Ver.- Considerada como una maestra de la enfermer\u00eda en el \u00e1rea de Urgencias del Hospital de Alta Especialidad de Veracruz (HAEV), as\u00ed vivi\u00f3 sus casi 40 a\u00f1os de servicio Ismaela G\u00f3mez, quien este lunes 16 de noviembre perdi\u00f3 la batalla contra el COVID-19.<\/p>\n\n\n\n<p>Por la noche de este lunes, le fue colocado un altar con un ramo de flores y su fotograf\u00eda, para posteriormente realizar unos rezos, mientras sus compa\u00f1eros recordaban an\u00e9cdotas de ella, de quien solo hab\u00eda palabras de agradecimiento.<\/p>\n\n\n\n<p>Hace 15 d\u00edas se presume fue detectada con el virus de COVID-19, d\u00edas despu\u00e9s fue entubada y apenas este lunes su cuerpo no resisti\u00f3 m\u00e1s y se despidi\u00f3 del mundo terrenal dejando un gran legado.<\/p>\n\n\n\n<p>Sus amigos y compa\u00f1eros de trabajo lamentaron que la \u201cmaestra\u201d Ismaela estuviera a un paso de jubilarse, le faltaba poco m\u00e1s de un mes para lograr el objetivo, incluso, unas semanas atr\u00e1s le hicieron una despedida, ya estaba pr\u00e1cticamente fuera del servicio e iba a dedicarse a su familia, pero tuvo que volver a realizar unos tr\u00e1mites y se presume fue ah\u00ed donde se contagi\u00f3.<\/p>\n\n\n\n<p>Durante su homenaje este lunes a las 8 de la noche, personal m\u00e9dico del HAEV, mencion\u00f3 que no se trata de la \u00fanica enfermera que est\u00e1 o estuvo contagiada, pues se\u00f1alan existen 4 compa\u00f1eros m\u00e1s en la misma situaci\u00f3n, dos jefas de turno y dos enfermeros.<\/p>\n\n\n\n<p>Una de ellas, la jefa del turno matutino de la Torre Pedi\u00e1trica, Teresa Puebla, quien tuvo que ser internada la semana pasada, y seg\u00fan lo conocido, este lunes fue intubada en el ISSTE; las plegarias por su pronta recuperaci\u00f3n y del resto de sus compa\u00f1eros se unieron en el rezo de ayer por la noche.<\/p>\n","protected":false},"excerpt":{"rendered":"<p>Alejandro \u00c1vila Veracruz, Ver.- Considerada como una maestra de la enfermer\u00eda en el \u00e1rea de Urgencias del Hospital de Alta Especialidad de Veracruz (HAEV), as\u00ed vivi\u00f3 sus casi 40 a\u00f1os de servicio Ismaela G\u00f3mez, quien este lunes 16 de noviembre perdi\u00f3 la batalla contra el COVID-19. Por la noche de este lunes, le fue colocado [&hellip;]<\/p>\n","protected":false},"author":1,"featured_media":8107,"comment_status":"open","ping_status":"open","sticky":false,"template":"","format":"standard","meta":{"_jetpack_memberships_contains_paid_content":false,"footnotes":""},"categories":[9],"tags":[],"class_list":["post-8106","post","type-post","status-publish","format-standard","has-post-thumbnail","hentry","category-salud"],"jetpack_featured_media_url":"https:\/\/encuentroinformativo.com.mx\/wp-content\/uploads\/2020\/11\/01A02DBA-8EA7-42A9-91D2-FCC01515D146.jpeg","jetpack_sharing_enabled":true,"jetpack_likes_enabled":true,"amp_enabled":true,"_links":{"self":[{"href":"https:\/\/encuentroinformativo.com.mx\/index.php?rest_route=\/wp\/v2\/posts\/8106","targetHints":{"allow":["GET"]}}],"collection":[{"href":"https:\/\/encuentroinformativo.com.mx\/index.php?rest_route=\/wp\/v2\/posts"}],"about":[{"href":"https:\/\/encuentroinformativo.com.mx\/index.php?rest_route=\/wp\/v2\/types\/post"}],"author":[{"embeddable":true,"href":"https:\/\/encuentroinformativo.com.mx\/index.php?rest_route=\/wp\/v2\/users\/1"}],"replies":[{"embeddable":true,"href":"https:\/\/encuentroinformativo.com.mx\/index.php?rest_route=%2Fwp%2Fv2%2Fcomments&post=8106"}],"version-history":[{"count":1,"href":"https:\/\/encuentroinformativo.com.mx\/index.php?rest_route=\/wp\/v2\/posts\/8106\/revisions"}],"predecessor-version":[{"id":8108,"href":"https:\/\/encuentroinformativo.com.mx\/index.php?rest_route=\/wp\/v2\/posts\/8106\/revisions\/8108"}],"wp:featuredmedia":[{"embeddable":true,"href":"https:\/\/encuentroinformativo.com.mx\/index.php?rest_route=\/wp\/v2\/media\/8107"}],"wp:attachment":[{"href":"https:\/\/encuentroinformativo.com.mx\/index.php?rest_route=%2Fwp%2Fv2%2Fmedia&parent=8106"}],"wp:term":[{"taxonomy":"category","embeddable":true,"href":"https:\/\/encuentroinformativo.com.mx\/index.php?rest_route=%2Fwp%2Fv2%2Fcategories&post=8106"},{"taxonomy":"post_tag","embeddable":true,"href":"https:\/\/encuentroinformativo.com.mx\/index.php?rest_route=%2Fwp%2Fv2%2Ftags&post=8106"}],"curies":[{"name":"wp","href":"https:\/\/api.w.org\/{rel}","templated":true}]}}