{"id":8109,"date":"2020-11-17T09:49:26","date_gmt":"2020-11-17T15:49:26","guid":{"rendered":"https:\/\/encuentroinformativo.com.mx\/?p=8109"},"modified":"2020-11-17T09:49:30","modified_gmt":"2020-11-17T15:49:30","slug":"las-agruras-de-vicho","status":"publish","type":"post","link":"https:\/\/encuentroinformativo.com.mx\/?p=8109","title":{"rendered":"Las agruras de Vicho"},"content":{"rendered":"\n<p><strong>Los Pol\u00edticos<\/strong><\/p>\n\n\n\n<p><strong>Salvador Mu\u00f1oz<\/strong><\/p>\n\n\n\n<p>Desayun\u00f3 Vicho, y a otros les dio agruras\u2026 pudiera ser una de las definiciones m\u00e1s simplista para referirse al encuentro que tuvo Velasco Chedraui con el Chapito\u2026 no, perd\u00f3n, con Don Joaqu\u00edn (dixit AMLO), dirigente del PAN veracruzano. Los malestares estomacales evidencian que le ven espolones al empresario, porque si fuera otro, ni trascend\u00edan las picadas, el jugo y el lechero que se echaron en La Parroquia. Por cierto, Velasco Chedraui dej\u00f3 en claro algo: la reuni\u00f3n no se trat\u00f3 de candidaturas, sino de los problemas que aquejan a Xalapa, que si los concentramos, dir\u00edamos que es s\u00f3lo uno: el gobierno de Hip\u00f3lito Rodr\u00edguez Herrero.<\/p>\n\n\n\n<p>Para el xalape\u00f1o, alejado de colores y figuras, quiz\u00e1s sea m\u00e1s f\u00e1cil comprender la reuni\u00f3n entre Velasco Chedraui y Guzm\u00e1n Avil\u00e9s si el tema es la reactivaci\u00f3n econ\u00f3mica de la capital del estado ante la crisis que se atraviesa por la pandemia y que de acuerdo a lo reportado por las autoridades de Salud, al menos en la Atenas Veracruzana, \u00a1estamos mal!<\/p>\n\n\n\n<p>Mi vecina, que trabajaba en una conocida tienda de ropa, hace unos d\u00edas me sorprendi\u00f3 cuando me ofreci\u00f3 pozole para entregar el s\u00e1bado\u2026 me quedaba claro que la empresa, localizada en el centro de la ciudad, ya no pudo aguantar m\u00e1s y tuvo que liquidarla. Creo que m\u00e1s pronto que tarde lo esperaba&#8230;<\/p>\n\n\n\n<p>Ayer, mientras paseaba con Nina y Lucky en el parque, otro vecino, que hac\u00eda funciones de \u201ccerillo\u201d en conocido supermercado ubicado cerca de Jardines de Xalapa, me refunfu\u00f1aba de lo dif\u00edcil que le ha sido llevar la \u201ccuarentena\u201d, la p\u00e9rdida de empleos, el tener que estar encerrado bastante tiempo, que ahora ya le permiten salir pero que a\u00fan le cuesta acostumbrarse al cubrebocas\u2026 aunque lo m\u00e1s dif\u00edcil para \u00e9l es no poder \u201cagenciarse\u201d algunos pesos que en su turno en ese superrmercado pod\u00eda ganarse. Cruz\u00f3 la calle y nos despedimos\u2026 podr\u00eda asegurar que hasta subi\u00f3 de peso\u2026<\/p>\n\n\n\n<p>Mi sobrhijo me pidi\u00f3 tortas estilo Orizaba. Cuando lleg\u00f3 a Xalapa en la primera temporada de pandemia, le platiqu\u00e9 de ellas y por su inter\u00e9s en conocer la Pluviosilla, se le antojaron. Las vend\u00eda mi amigo Tello. \u00a1Al sobrhijo le encantaron! Pas\u00f3 el tiempo, se fue de nuevo a la Ciudad de M\u00e9xico y ahora que regres\u00f3 en su segunda temporada para tomar clases a distancia, hace unos d\u00edas se acord\u00f3 de las famosas tortas estilo Orizaba\u2026 ah\u00ed vamos entusiastas a preguntarle al amigo Tello y nos da una terrible sorpresa: \u00a1Ya no vende! \u00a1Las ventas bajaron!<\/p>\n\n\n\n<p>A ras de suelo, son tres ejemplos cercanos de esos problemas a los que se refiere David Velasco Chedraui y que sin duda, deben de estar no s\u00f3lo en la mente del dirigente del PAN veracruzano, sino de cualquier otro l\u00edder de partido porque de un modo u otro, la situaci\u00f3n por la que atraviesan muchos xalape\u00f1os, no se resuelve con 1 mil pesos, que dice el titular de Sedesol en Veracruz que alcanzan para que una familia est\u00e1ndar se haga de una despensa para quince d\u00edas\u2026 escuch\u00e9 a dos amas de casa responder con majader\u00edas a lo dicho por el funcionario estatal\u2026 creo que si va con ese cuento a su casa, su mujer lo ha de mandar a dormir no a la tina ni con el perro, sino al rancho de AMLO\u2026<\/p>\n\n\n\n<p>Por supuesto, no escapa al esp\u00edritu polaco el morbo de la candidatura por Xalapa, pero eso lo ataj\u00f3 de golpe y porrazo Velasco Chedraui: el tema es la capital del Estado, la crisis econ\u00f3mica por la que atraviesa a consecuencia de la pandemia, y la forma de revertir la serie de desempleos que se est\u00e1n generando tanto en la econom\u00eda formal como en la informal, como en el empresario asentado como en el emprendedor\u2026 que David les provoque a muchos agruras, nada que un sal de uvas no pueda aliviar.<\/p>\n\n\n\n<p><a href=\"mailto:smcainito@gmail.com\" target=\"_blank\" rel=\"noreferrer noopener\">smcainito@gmail.com<\/a><\/p>\n","protected":false},"excerpt":{"rendered":"<p>Los Pol\u00edticos Salvador Mu\u00f1oz Desayun\u00f3 Vicho, y a otros les dio agruras\u2026 pudiera ser una de las definiciones m\u00e1s simplista para referirse al encuentro que tuvo Velasco Chedraui con el Chapito\u2026 no, perd\u00f3n, con Don Joaqu\u00edn (dixit AMLO), dirigente del PAN veracruzano. Los malestares estomacales evidencian que le ven espolones al empresario, porque si fuera [&hellip;]<\/p>\n","protected":false},"author":1,"featured_media":387,"comment_status":"open","ping_status":"open","sticky":false,"template":"","format":"standard","meta":{"_jetpack_memberships_contains_paid_content":false,"footnotes":""},"categories":[11],"tags":[],"class_list":["post-8109","post","type-post","status-publish","format-standard","has-post-thumbnail","hentry","category-opinion"],"jetpack_featured_media_url":"https:\/\/encuentroinformativo.com.mx\/wp-content\/uploads\/2020\/03\/7CF8A22B-2764-47BE-8F7F-38FE9E5D6A2F.jpeg","jetpack_sharing_enabled":true,"jetpack_likes_enabled":true,"amp_enabled":true,"_links":{"self":[{"href":"https:\/\/encuentroinformativo.com.mx\/index.php?rest_route=\/wp\/v2\/posts\/8109","targetHints":{"allow":["GET"]}}],"collection":[{"href":"https:\/\/encuentroinformativo.com.mx\/index.php?rest_route=\/wp\/v2\/posts"}],"about":[{"href":"https:\/\/encuentroinformativo.com.mx\/index.php?rest_route=\/wp\/v2\/types\/post"}],"author":[{"embeddable":true,"href":"https:\/\/encuentroinformativo.com.mx\/index.php?rest_route=\/wp\/v2\/users\/1"}],"replies":[{"embeddable":true,"href":"https:\/\/encuentroinformativo.com.mx\/index.php?rest_route=%2Fwp%2Fv2%2Fcomments&post=8109"}],"version-history":[{"count":1,"href":"https:\/\/encuentroinformativo.com.mx\/index.php?rest_route=\/wp\/v2\/posts\/8109\/revisions"}],"predecessor-version":[{"id":8110,"href":"https:\/\/encuentroinformativo.com.mx\/index.php?rest_route=\/wp\/v2\/posts\/8109\/revisions\/8110"}],"wp:featuredmedia":[{"embeddable":true,"href":"https:\/\/encuentroinformativo.com.mx\/index.php?rest_route=\/wp\/v2\/media\/387"}],"wp:attachment":[{"href":"https:\/\/encuentroinformativo.com.mx\/index.php?rest_route=%2Fwp%2Fv2%2Fmedia&parent=8109"}],"wp:term":[{"taxonomy":"category","embeddable":true,"href":"https:\/\/encuentroinformativo.com.mx\/index.php?rest_route=%2Fwp%2Fv2%2Fcategories&post=8109"},{"taxonomy":"post_tag","embeddable":true,"href":"https:\/\/encuentroinformativo.com.mx\/index.php?rest_route=%2Fwp%2Fv2%2Ftags&post=8109"}],"curies":[{"name":"wp","href":"https:\/\/api.w.org\/{rel}","templated":true}]}}