{"id":8111,"date":"2020-11-17T11:49:25","date_gmt":"2020-11-17T17:49:25","guid":{"rendered":"https:\/\/encuentroinformativo.com.mx\/?p=8111"},"modified":"2020-11-17T11:49:28","modified_gmt":"2020-11-17T17:49:28","slug":"con-bloqueo-protesta-amotac-por-abuso-de-gruas","status":"publish","type":"post","link":"https:\/\/encuentroinformativo.com.mx\/?p=8111","title":{"rendered":"Con bloqueo, protesta Amotac por abuso de gr\u00faas"},"content":{"rendered":"\n<p><strong>Juan Arcos<\/strong><\/p>\n\n\n\n<p>Xalapa, Ver.- Integrantes de la Alianza Mexicana de Organizaciones de Transportistas (Amotac) bloquearon el bulevar Xalapa-Banderilla, para exigir que cesen los abusos por parte de las concesionarias de gr\u00faas.<\/p>\n\n\n\n<p>Los quejosos colapsaron la importante v\u00eda de comunicaci\u00f3n despu\u00e9s de las diez de la ma\u00f1ana, a la altura de la colonia 21 de Marzo, donde se observaron largas filas de veh\u00edculos sin poder circular, en ninguna direcci\u00f3n.<\/p>\n\n\n\n<p>De acuerdo con el dirigente de Amotac en Veracruz, Juan Ciro Dur\u00e1n Mendoza, la Secretar\u00eda de Seguridad P\u00fablica (SSP), a cargo de Hugo Guti\u00e9rrez Maldonado, ha solapado dichas anomal\u00edas.<\/p>\n\n\n\n<p>\u201cNuestro paro camionero es por el abuso que estamos sufriendo de ciertas gr\u00faas con favoritismo por parte de la Secretar\u00eda de Seguridad P\u00fablica\u201d.<\/p>\n\n\n\n<p>El entrevistado indic\u00f3 que cada semana han sido \u201cdesvalijados\u201d hasta diez veh\u00edculos de carga pesada, cuando se encuentran en el corral\u00f3n.<\/p>\n\n\n\n<p>\u201cEl problema es que nos roban una unidad y si es que ese cami\u00f3n aparece, Seguridad P\u00fablica le asigna a dos empresas de gr\u00faas y cuando vamos a rescatar nuestras unidades es un cobro esxcesivo y despu\u00e9s de que ya pagamos las encontramos desvalijadas\u201d.<\/p>\n\n\n\n<p>El l\u00edder transportista indic\u00f3 que desde hace m\u00e1s de un a\u00f1o han solicitado al gobierno del estado que cesen dichas anomal\u00edas; sin embargo, hasta el momento, el problema persiste.<\/p>\n\n\n\n<p>Adem\u00e1s, Dur\u00e1n Mendoza refiri\u00f3 que los costos son excesivos por parte de las concesionarias, toda vez que cobran hasta 90 mil pesos por 30 kil\u00f3metros de arrastre.<\/p>\n\n\n\n<p>Los inconformes solicitaron una audiencia con el gobernador Cuitl\u00e1huac Garc\u00eda Jim\u00e9nez y el secretario de Gobierno, Eric Patrocinio Cisneros Burgos, para que sean atendidas sus demandas.<\/p>\n","protected":false},"excerpt":{"rendered":"<p>Juan Arcos Xalapa, Ver.- Integrantes de la Alianza Mexicana de Organizaciones de Transportistas (Amotac) bloquearon el bulevar Xalapa-Banderilla, para exigir que cesen los abusos por parte de las concesionarias de gr\u00faas. Los quejosos colapsaron la importante v\u00eda de comunicaci\u00f3n despu\u00e9s de las diez de la ma\u00f1ana, a la altura de la colonia 21 de Marzo, [&hellip;]<\/p>\n","protected":false},"author":1,"featured_media":8112,"comment_status":"open","ping_status":"open","sticky":false,"template":"","format":"standard","meta":{"_jetpack_memberships_contains_paid_content":false,"footnotes":""},"categories":[8],"tags":[],"class_list":["post-8111","post","type-post","status-publish","format-standard","has-post-thumbnail","hentry","category-region"],"jetpack_featured_media_url":"https:\/\/encuentroinformativo.com.mx\/wp-content\/uploads\/2020\/11\/4EBADB3C-F2C2-457D-B2DD-37AAEA82B36B.jpeg","jetpack_sharing_enabled":true,"jetpack_likes_enabled":true,"amp_enabled":true,"_links":{"self":[{"href":"https:\/\/encuentroinformativo.com.mx\/index.php?rest_route=\/wp\/v2\/posts\/8111","targetHints":{"allow":["GET"]}}],"collection":[{"href":"https:\/\/encuentroinformativo.com.mx\/index.php?rest_route=\/wp\/v2\/posts"}],"about":[{"href":"https:\/\/encuentroinformativo.com.mx\/index.php?rest_route=\/wp\/v2\/types\/post"}],"author":[{"embeddable":true,"href":"https:\/\/encuentroinformativo.com.mx\/index.php?rest_route=\/wp\/v2\/users\/1"}],"replies":[{"embeddable":true,"href":"https:\/\/encuentroinformativo.com.mx\/index.php?rest_route=%2Fwp%2Fv2%2Fcomments&post=8111"}],"version-history":[{"count":1,"href":"https:\/\/encuentroinformativo.com.mx\/index.php?rest_route=\/wp\/v2\/posts\/8111\/revisions"}],"predecessor-version":[{"id":8113,"href":"https:\/\/encuentroinformativo.com.mx\/index.php?rest_route=\/wp\/v2\/posts\/8111\/revisions\/8113"}],"wp:featuredmedia":[{"embeddable":true,"href":"https:\/\/encuentroinformativo.com.mx\/index.php?rest_route=\/wp\/v2\/media\/8112"}],"wp:attachment":[{"href":"https:\/\/encuentroinformativo.com.mx\/index.php?rest_route=%2Fwp%2Fv2%2Fmedia&parent=8111"}],"wp:term":[{"taxonomy":"category","embeddable":true,"href":"https:\/\/encuentroinformativo.com.mx\/index.php?rest_route=%2Fwp%2Fv2%2Fcategories&post=8111"},{"taxonomy":"post_tag","embeddable":true,"href":"https:\/\/encuentroinformativo.com.mx\/index.php?rest_route=%2Fwp%2Fv2%2Ftags&post=8111"}],"curies":[{"name":"wp","href":"https:\/\/api.w.org\/{rel}","templated":true}]}}