{"id":8116,"date":"2020-11-17T13:00:22","date_gmt":"2020-11-17T19:00:22","guid":{"rendered":"https:\/\/encuentroinformativo.com.mx\/?p=8116"},"modified":"2020-11-17T13:00:25","modified_gmt":"2020-11-17T19:00:25","slug":"denuncian-tala-clandestina-en-propiedad-privada","status":"publish","type":"post","link":"https:\/\/encuentroinformativo.com.mx\/?p=8116","title":{"rendered":"Denuncian tala clandestina en propiedad privada"},"content":{"rendered":"\n<p><strong>Dar\u00edo Pale <\/strong><\/p>\n\n\n\n<p>Xalapa, Ver.- Alberto M\u00e9ndez Vargas hermano del propietario del rancho La Angostura Raymundo Mendez Vargas denunciaron p\u00fablicamente que han sido objeto de la tala clandestina, el rancho se encuentra\u00a0en la comunidad &#8220;Dos Veredas&#8221;, municipio de Acajete.<\/p>\n\n\n\n<p>En conferencia de prensa realizada en conocido caf\u00e9 del centro de Xalapa, denunci\u00f3 que ha sido objeto de tala ilegal por parte del se\u00f1or Jorge de Jes\u00fas Ben\u00edtez Bret\u00f3n, quien ha talado aproximadamente cuatro hect\u00e1reas y quien alega ser propietario de un terreno aleda\u00f1o, pero tala el de su propiedad.<\/p>\n\n\n\n<p>&#8220;Nosotros lo hemos estado reportando ante las autoridades municipales y del Estado. Fuimos a Profepa, a Conafor y nos mandaron a Semarnat, luego otra vez a Profepa&#8221;, indic\u00f3 el agraviado.<\/p>\n\n\n\n<p>Expuso que solicit\u00f3 por escrito a la Semarnat si hab\u00edan autorizado alg\u00fan permiso de aprovechamiento a inicios de este a\u00f1o y la respuesta fue que no se autoriz\u00f3 ning\u00fan permiso, en el rancho de 29 hect\u00e1reas.<\/p>\n\n\n\n<p>&#8220;Profepa no est\u00e1 haciendo su trabajo, Jos\u00e9 Antonio Huerta no est\u00e1 haciendo su trabajo, no est\u00e1 atendiendo nuestro caso. Lo que pedimos es que realmente hagan su trabajo. No nos dan informaci\u00f3n&#8221;, reproch\u00f3.<\/p>\n\n\n\n<p>Dijo que incluso mandaron inspectores en semanas pasadas, pero los mandaron precisamente con quien est\u00e1 cometiendo la tala clandestina, por lo que los llev\u00f3 a otro predio que no est\u00e1 afectado, por lo\u00a0que est\u00e1 solicitando una nueva inspecci\u00f3n a su rancho y no le den m\u00e1s largas.<\/p>\n\n\n\n<p>&#8220;Nosotros estamos en plena disposici\u00f3n para llevarlos al lugar, porque dicen que no saben llegar. Les hemos dado las herramientas, tenemos fotos, videos, les hemos dado las coordenadas, un croquis. Profepa no est\u00e1 llevando a cabo su trabajo&#8221;, critic\u00f3.<\/p>\n\n\n\n<p>Finalmente dio a conocer \u00a0que por la tala clandestina se est\u00e1 afectando tanto flora como fauna del lugar, adem\u00e1s de que fue agredido por personas que se encuentran realizando la tala de \u00e1rboles\u00a0<\/p>\n","protected":false},"excerpt":{"rendered":"<p>Dar\u00edo Pale Xalapa, Ver.- Alberto M\u00e9ndez Vargas hermano del propietario del rancho La Angostura Raymundo Mendez Vargas denunciaron p\u00fablicamente que han sido objeto de la tala clandestina, el rancho se encuentra\u00a0en la comunidad &#8220;Dos Veredas&#8221;, municipio de Acajete. En conferencia de prensa realizada en conocido caf\u00e9 del centro de Xalapa, denunci\u00f3 que ha sido objeto [&hellip;]<\/p>\n","protected":false},"author":1,"featured_media":8117,"comment_status":"open","ping_status":"open","sticky":false,"template":"","format":"standard","meta":{"_jetpack_memberships_contains_paid_content":false,"footnotes":""},"categories":[8],"tags":[],"class_list":["post-8116","post","type-post","status-publish","format-standard","has-post-thumbnail","hentry","category-region"],"jetpack_featured_media_url":"https:\/\/encuentroinformativo.com.mx\/wp-content\/uploads\/2020\/11\/0879056A-A295-47C1-AD49-BD9D48246874.jpeg","jetpack_sharing_enabled":true,"jetpack_likes_enabled":true,"amp_enabled":true,"_links":{"self":[{"href":"https:\/\/encuentroinformativo.com.mx\/index.php?rest_route=\/wp\/v2\/posts\/8116","targetHints":{"allow":["GET"]}}],"collection":[{"href":"https:\/\/encuentroinformativo.com.mx\/index.php?rest_route=\/wp\/v2\/posts"}],"about":[{"href":"https:\/\/encuentroinformativo.com.mx\/index.php?rest_route=\/wp\/v2\/types\/post"}],"author":[{"embeddable":true,"href":"https:\/\/encuentroinformativo.com.mx\/index.php?rest_route=\/wp\/v2\/users\/1"}],"replies":[{"embeddable":true,"href":"https:\/\/encuentroinformativo.com.mx\/index.php?rest_route=%2Fwp%2Fv2%2Fcomments&post=8116"}],"version-history":[{"count":1,"href":"https:\/\/encuentroinformativo.com.mx\/index.php?rest_route=\/wp\/v2\/posts\/8116\/revisions"}],"predecessor-version":[{"id":8118,"href":"https:\/\/encuentroinformativo.com.mx\/index.php?rest_route=\/wp\/v2\/posts\/8116\/revisions\/8118"}],"wp:featuredmedia":[{"embeddable":true,"href":"https:\/\/encuentroinformativo.com.mx\/index.php?rest_route=\/wp\/v2\/media\/8117"}],"wp:attachment":[{"href":"https:\/\/encuentroinformativo.com.mx\/index.php?rest_route=%2Fwp%2Fv2%2Fmedia&parent=8116"}],"wp:term":[{"taxonomy":"category","embeddable":true,"href":"https:\/\/encuentroinformativo.com.mx\/index.php?rest_route=%2Fwp%2Fv2%2Fcategories&post=8116"},{"taxonomy":"post_tag","embeddable":true,"href":"https:\/\/encuentroinformativo.com.mx\/index.php?rest_route=%2Fwp%2Fv2%2Ftags&post=8116"}],"curies":[{"name":"wp","href":"https:\/\/api.w.org\/{rel}","templated":true}]}}