{"id":8122,"date":"2020-11-17T13:31:31","date_gmt":"2020-11-17T19:31:31","guid":{"rendered":"https:\/\/encuentroinformativo.com.mx\/?p=8122"},"modified":"2020-11-17T13:31:35","modified_gmt":"2020-11-17T19:31:35","slug":"mercado-galeana-sin-servicio-de-agua-senalan-locatarios","status":"publish","type":"post","link":"https:\/\/encuentroinformativo.com.mx\/?p=8122","title":{"rendered":"Mercado Galeana sin servicio de agua, se\u00f1alan locatarios"},"content":{"rendered":"\n<p><strong>Juan Arcos <\/strong><\/p>\n\n\n\n<p>Xalapa, Ver.- El mercado Hermenegildo Galeana carece del servicio de agua potable desde hace un mes, pese a los cuidados sanitarios que deben aplicarse para evitar contagios de SARS-COV-2 (COVID-19).<\/p>\n\n\n\n<p>El inmueble se encuentra sobre la calle Poeta Jes\u00fas D\u00edaz, en el Centro Hist\u00f3rico de Xalapa, donde se han observado grandes concentraciones de personas por el programa comercial Buen Fin.<\/p>\n\n\n\n<p>Una comerciante indic\u00f3 que los locatarios tienen que acarrear el agua desde el manantial del bario Xallitic, que se ubica a dos cuadras, para limpiar y poder trabajar.<\/p>\n\n\n\n<p>\u201cNo ha ca\u00eddo, a veces abastencen y a veces no, definitivamente no cae agua. Tenemos que estar acarreando agua para poder trabajar y ya tenemos m\u00e1s de un mes as\u00ed\u201d.<\/p>\n\n\n\n<p>Los vendedores desconocen las razones por las cuales se quedaron sin el servicio mencionado; sin embargo, el agua de los tinacos ha alcanzado para los sanitarios.<\/p>\n\n\n\n<p>\u201cLo \u00fanico bueno es que se llenan los tinacos para los ba\u00f1os, eso es lo bueno y quiero pensar que no trae fuerza o est\u00e1 tapado el tubo\u201d, mencionan.<\/p>\n\n\n\n<p>Cabe recordar que la mayor\u00eda de los locales del mercado Galeana son de comida y, por ello, el agua potable es primordial.\u00a0<\/p>\n\n\n\n<p>Los vendedores mencionaron que hace unos a\u00f1os tambi\u00e9n se quedaron sin agua potable, debido a que una bolsa de pl\u00e1stico tap\u00f3 la tuber\u00eda.<\/p>\n\n\n\n<p>En esta ocasi\u00f3n, ya fue reportado el problema a los encargados de los mercados municipales para que sea solucionado lo antes posible.<\/p>\n","protected":false},"excerpt":{"rendered":"<p>Juan Arcos Xalapa, Ver.- El mercado Hermenegildo Galeana carece del servicio de agua potable desde hace un mes, pese a los cuidados sanitarios que deben aplicarse para evitar contagios de SARS-COV-2 (COVID-19). El inmueble se encuentra sobre la calle Poeta Jes\u00fas D\u00edaz, en el Centro Hist\u00f3rico de Xalapa, donde se han observado grandes concentraciones de [&hellip;]<\/p>\n","protected":false},"author":1,"featured_media":8123,"comment_status":"open","ping_status":"open","sticky":false,"template":"","format":"standard","meta":{"_jetpack_memberships_contains_paid_content":false,"footnotes":""},"categories":[3],"tags":[],"class_list":["post-8122","post","type-post","status-publish","format-standard","has-post-thumbnail","hentry","category-xalapa"],"jetpack_featured_media_url":"https:\/\/encuentroinformativo.com.mx\/wp-content\/uploads\/2020\/11\/159D4254-C090-4A47-927A-DDC5E0CCE642.jpeg","jetpack_sharing_enabled":true,"jetpack_likes_enabled":true,"amp_enabled":true,"_links":{"self":[{"href":"https:\/\/encuentroinformativo.com.mx\/index.php?rest_route=\/wp\/v2\/posts\/8122","targetHints":{"allow":["GET"]}}],"collection":[{"href":"https:\/\/encuentroinformativo.com.mx\/index.php?rest_route=\/wp\/v2\/posts"}],"about":[{"href":"https:\/\/encuentroinformativo.com.mx\/index.php?rest_route=\/wp\/v2\/types\/post"}],"author":[{"embeddable":true,"href":"https:\/\/encuentroinformativo.com.mx\/index.php?rest_route=\/wp\/v2\/users\/1"}],"replies":[{"embeddable":true,"href":"https:\/\/encuentroinformativo.com.mx\/index.php?rest_route=%2Fwp%2Fv2%2Fcomments&post=8122"}],"version-history":[{"count":1,"href":"https:\/\/encuentroinformativo.com.mx\/index.php?rest_route=\/wp\/v2\/posts\/8122\/revisions"}],"predecessor-version":[{"id":8124,"href":"https:\/\/encuentroinformativo.com.mx\/index.php?rest_route=\/wp\/v2\/posts\/8122\/revisions\/8124"}],"wp:featuredmedia":[{"embeddable":true,"href":"https:\/\/encuentroinformativo.com.mx\/index.php?rest_route=\/wp\/v2\/media\/8123"}],"wp:attachment":[{"href":"https:\/\/encuentroinformativo.com.mx\/index.php?rest_route=%2Fwp%2Fv2%2Fmedia&parent=8122"}],"wp:term":[{"taxonomy":"category","embeddable":true,"href":"https:\/\/encuentroinformativo.com.mx\/index.php?rest_route=%2Fwp%2Fv2%2Fcategories&post=8122"},{"taxonomy":"post_tag","embeddable":true,"href":"https:\/\/encuentroinformativo.com.mx\/index.php?rest_route=%2Fwp%2Fv2%2Ftags&post=8122"}],"curies":[{"name":"wp","href":"https:\/\/api.w.org\/{rel}","templated":true}]}}