{"id":8127,"date":"2020-11-17T13:45:13","date_gmt":"2020-11-17T19:45:13","guid":{"rendered":"https:\/\/encuentroinformativo.com.mx\/?p=8127"},"modified":"2020-11-17T13:45:16","modified_gmt":"2020-11-17T19:45:16","slug":"sin-forstaseg-aumentaran-plantilla-de-policia-municipal-de-veracruz","status":"publish","type":"post","link":"https:\/\/encuentroinformativo.com.mx\/?p=8127","title":{"rendered":"Sin FORSTASEG, aumentar\u00e1n plantilla de Polic\u00eda Municipal de Veracruz"},"content":{"rendered":"\n<p><strong>Alejandro \u00c1vila<\/strong><\/p>\n\n\n\n<p>Veracruz, Ver.- A pesar del recorte del recurso federal de Fortalecimiento a la Seguridad (FORTASEG), se estima que en 2021 se pueda ampliar la plantilla en al menos un 20 por ciento.<\/p>\n\n\n\n<p>Jos\u00e9 Miguel Reyes Ram\u00edrez, director de la Polic\u00eda Municipal de Veracruz, dijo que al momento cuentan con 140 elementos, mismos que siguen coordinandose con la Polic\u00eda Naval, quienes llevan el mando de las operaciones en la zona conurbada Veracruz &#8211; Boca del R\u00edo.<\/p>\n\n\n\n<p>&#8220;A pesar de que hay un recorte importante por parte de la federaci\u00f3n, estoy seguro de que veremos la forma de seguir con el proceso de reconstituci\u00f3n de la Polic\u00eda Municipal (\u2026) aproximadamente 140 elementos (\u2026) s\u00ed, se tiene estimado que s\u00ed, aproximadamente en un 20 por ciento&#8221;, declar\u00f3.&nbsp;<\/p>\n\n\n\n<p>Reyes Ram\u00edrez, dijo que el reclutamiento y analisis previo es constante, pues afirm\u00f3 no todos cumplen con los primeros requisitos para ser considerados como polic\u00edas, una vez pasado el primer filtro ser\u00edan mandados a la Academia de Polic\u00eda en El Lencero, en la ciudad de Xalapa.<\/p>\n\n\n\n<p>Aclaro que por la pandemia de COVID-19 se suspendieron los cursos de manera presencial, y como estos no se pueden dar en linea, no existe por el momento graduaci\u00f3n de nuevos polic\u00edas para cualquier punto del Estado de Veracruz.<\/p>\n\n\n\n<p>&#8220;La polic\u00eda de Veracruz es de las que mejor paga a nivel estatal y dir\u00eda nacional, y siempre es atractivo entre los mismos polic\u00edas, tenemos muchas solicitudes de elementos de otras corporaciones, evidentemente hay que revisar el estatus de cada uno de ellos, para no estar contratando gente que venga a contaminar el buen trabajo que hemos llevado a cabo aqu\u00ed&#8221;, remat\u00f3.<\/p>\n","protected":false},"excerpt":{"rendered":"<p>Alejandro \u00c1vila Veracruz, Ver.- A pesar del recorte del recurso federal de Fortalecimiento a la Seguridad (FORTASEG), se estima que en 2021 se pueda ampliar la plantilla en al menos un 20 por ciento. Jos\u00e9 Miguel Reyes Ram\u00edrez, director de la Polic\u00eda Municipal de Veracruz, dijo que al momento cuentan con 140 elementos, mismos que [&hellip;]<\/p>\n","protected":false},"author":1,"featured_media":8128,"comment_status":"open","ping_status":"open","sticky":false,"template":"","format":"standard","meta":{"_jetpack_memberships_contains_paid_content":false,"footnotes":""},"categories":[2],"tags":[],"class_list":["post-8127","post","type-post","status-publish","format-standard","has-post-thumbnail","hentry","category-estado"],"jetpack_featured_media_url":"https:\/\/encuentroinformativo.com.mx\/wp-content\/uploads\/2020\/11\/BEA40DEB-48E4-4002-9ACD-7D457D0881D3.jpeg","jetpack_sharing_enabled":true,"jetpack_likes_enabled":true,"amp_enabled":true,"_links":{"self":[{"href":"https:\/\/encuentroinformativo.com.mx\/index.php?rest_route=\/wp\/v2\/posts\/8127","targetHints":{"allow":["GET"]}}],"collection":[{"href":"https:\/\/encuentroinformativo.com.mx\/index.php?rest_route=\/wp\/v2\/posts"}],"about":[{"href":"https:\/\/encuentroinformativo.com.mx\/index.php?rest_route=\/wp\/v2\/types\/post"}],"author":[{"embeddable":true,"href":"https:\/\/encuentroinformativo.com.mx\/index.php?rest_route=\/wp\/v2\/users\/1"}],"replies":[{"embeddable":true,"href":"https:\/\/encuentroinformativo.com.mx\/index.php?rest_route=%2Fwp%2Fv2%2Fcomments&post=8127"}],"version-history":[{"count":1,"href":"https:\/\/encuentroinformativo.com.mx\/index.php?rest_route=\/wp\/v2\/posts\/8127\/revisions"}],"predecessor-version":[{"id":8129,"href":"https:\/\/encuentroinformativo.com.mx\/index.php?rest_route=\/wp\/v2\/posts\/8127\/revisions\/8129"}],"wp:featuredmedia":[{"embeddable":true,"href":"https:\/\/encuentroinformativo.com.mx\/index.php?rest_route=\/wp\/v2\/media\/8128"}],"wp:attachment":[{"href":"https:\/\/encuentroinformativo.com.mx\/index.php?rest_route=%2Fwp%2Fv2%2Fmedia&parent=8127"}],"wp:term":[{"taxonomy":"category","embeddable":true,"href":"https:\/\/encuentroinformativo.com.mx\/index.php?rest_route=%2Fwp%2Fv2%2Fcategories&post=8127"},{"taxonomy":"post_tag","embeddable":true,"href":"https:\/\/encuentroinformativo.com.mx\/index.php?rest_route=%2Fwp%2Fv2%2Ftags&post=8127"}],"curies":[{"name":"wp","href":"https:\/\/api.w.org\/{rel}","templated":true}]}}