{"id":8133,"date":"2020-11-17T15:08:33","date_gmt":"2020-11-17T21:08:33","guid":{"rendered":"https:\/\/encuentroinformativo.com.mx\/?p=8133"},"modified":"2020-11-17T15:08:36","modified_gmt":"2020-11-17T21:08:36","slug":"gobierno-debe-reconocer-crisis-en-inseguridad-alcalde","status":"publish","type":"post","link":"https:\/\/encuentroinformativo.com.mx\/?p=8133","title":{"rendered":"Gobierno debe reconocer crisis en inseguridad: Alcalde"},"content":{"rendered":"\n<p><strong>Alejandro \u00c1vila<\/strong><\/p>\n\n\n\n<p>Veracruz, Ver.- El Gobierno del Estado de Veracruz debe reconocer que existe una crisis de inseguridad e ingobernabilidad en la entidad, ya que solo as\u00ed se podr\u00e1n ejecutar los cambios que posiblemente mejoren el rumbo, dijo el alcalde Fernando Yunes M\u00e1rquez en entrevista.<\/p>\n\n\n\n<p>El edil panista, se\u00f1al\u00f3 que no se puede vivir en una burbuja y pensar que todo est\u00e1 bien, ya que cuando eso sucede no se mejora y gradualmente las cosas siguen peor.<\/p>\n\n\n\n<p>Yunes M\u00e1rquez se\u00f1al\u00f3 que tras el asesinato de la alcaldesa de Jamapa, tanto el secretario de Gobierno, Eric Cisneros Burgos, y el gobernador Cuitl\u00e1huac Garc\u00eda Jim\u00e9nez, salieron ante los medios de comunicaci\u00f3n a decir que todo estaba bien, cuando d\u00edas antes el alcalde de San Rafael denuncio presi\u00f3n pol\u00edtica y este lunes balearon la casa del alcalde de Acayucan, todos de extracci\u00f3n perredista.<\/p>\n\n\n\n<p>&#8220;Me parece que es muy importante que se deje de negar que no est\u00e1 pasando nada, yo vi al secretario de Gobierno que sali\u00f3 a negar que esto estuviera ocurriendo, dijo que todo estaba en paz, cuando acababan de matar a una presidenta municipal de manera salvaje, tres o cuatro d\u00edas antes, el alcalde de San Rafael hizo igual un pronunciamiento de presi\u00f3n pol\u00edtica, ayer balean la casa del alcalde de Acayucan, y me parece que lo peor que puede ocurrir en esta ocasi\u00f3n, es negar las cosas&#8221;, refut\u00f3.<\/p>\n\n\n\n<p>El alcalde de Veracruz Puerto, recalc\u00f3 que el Estado se debe dar cuenta que el gobernador Cuitl\u00e1huac Garc\u00eda Jim\u00e9nez es el responsable de la seguridad en Veracruz y no el presidente Andr\u00e9s Manuel L\u00f3pez Obrador.<\/p>\n\n\n\n<p>En ese sentido, aclar\u00f3 que la federaci\u00f3n solo est\u00e1 para apoyar las acciones que haga cualquier Estado para combatir la inseguridad en sus municipios.<\/p>\n\n\n\n<p>\u201cPero el responsable es \u00e9l (Cuitl\u00e1huac Garc\u00eda), \u00e9l debiera en este momento hablar con su gabinete, ver qu\u00e9 es lo que est\u00e1 ocurriendo, porque pareciera que el hecho de que mataran a la alcaldesa de Jamapa, pues ya pas\u00f3, ya la sepultaron, ya se manifestaron, y salieron a decir c\u00ednicamente en la entrega del informe que todo estaba bien, que todo estaba en paz, en calma y creo que, insisto, el peor enemigo de ellos es su incapacidad\u201d, culmin\u00f3.<\/p>\n","protected":false},"excerpt":{"rendered":"<p>Alejandro \u00c1vila Veracruz, Ver.- El Gobierno del Estado de Veracruz debe reconocer que existe una crisis de inseguridad e ingobernabilidad en la entidad, ya que solo as\u00ed se podr\u00e1n ejecutar los cambios que posiblemente mejoren el rumbo, dijo el alcalde Fernando Yunes M\u00e1rquez en entrevista. El edil panista, se\u00f1al\u00f3 que no se puede vivir en [&hellip;]<\/p>\n","protected":false},"author":1,"featured_media":8134,"comment_status":"open","ping_status":"open","sticky":false,"template":"","format":"standard","meta":{"_jetpack_memberships_contains_paid_content":false,"footnotes":""},"categories":[2],"tags":[],"class_list":["post-8133","post","type-post","status-publish","format-standard","has-post-thumbnail","hentry","category-estado"],"jetpack_featured_media_url":"https:\/\/encuentroinformativo.com.mx\/wp-content\/uploads\/2020\/11\/6D118E9A-B6E8-47DC-A411-093C6B9128E1.jpeg","jetpack_sharing_enabled":true,"jetpack_likes_enabled":true,"amp_enabled":true,"_links":{"self":[{"href":"https:\/\/encuentroinformativo.com.mx\/index.php?rest_route=\/wp\/v2\/posts\/8133","targetHints":{"allow":["GET"]}}],"collection":[{"href":"https:\/\/encuentroinformativo.com.mx\/index.php?rest_route=\/wp\/v2\/posts"}],"about":[{"href":"https:\/\/encuentroinformativo.com.mx\/index.php?rest_route=\/wp\/v2\/types\/post"}],"author":[{"embeddable":true,"href":"https:\/\/encuentroinformativo.com.mx\/index.php?rest_route=\/wp\/v2\/users\/1"}],"replies":[{"embeddable":true,"href":"https:\/\/encuentroinformativo.com.mx\/index.php?rest_route=%2Fwp%2Fv2%2Fcomments&post=8133"}],"version-history":[{"count":1,"href":"https:\/\/encuentroinformativo.com.mx\/index.php?rest_route=\/wp\/v2\/posts\/8133\/revisions"}],"predecessor-version":[{"id":8135,"href":"https:\/\/encuentroinformativo.com.mx\/index.php?rest_route=\/wp\/v2\/posts\/8133\/revisions\/8135"}],"wp:featuredmedia":[{"embeddable":true,"href":"https:\/\/encuentroinformativo.com.mx\/index.php?rest_route=\/wp\/v2\/media\/8134"}],"wp:attachment":[{"href":"https:\/\/encuentroinformativo.com.mx\/index.php?rest_route=%2Fwp%2Fv2%2Fmedia&parent=8133"}],"wp:term":[{"taxonomy":"category","embeddable":true,"href":"https:\/\/encuentroinformativo.com.mx\/index.php?rest_route=%2Fwp%2Fv2%2Fcategories&post=8133"},{"taxonomy":"post_tag","embeddable":true,"href":"https:\/\/encuentroinformativo.com.mx\/index.php?rest_route=%2Fwp%2Fv2%2Ftags&post=8133"}],"curies":[{"name":"wp","href":"https:\/\/api.w.org\/{rel}","templated":true}]}}