{"id":8147,"date":"2020-11-17T17:06:11","date_gmt":"2020-11-17T23:06:11","guid":{"rendered":"https:\/\/encuentroinformativo.com.mx\/?p=8147"},"modified":"2020-11-17T17:06:14","modified_gmt":"2020-11-17T23:06:14","slug":"por-gran-movilidad-xalapa-podria-regresar-a-semaforo-rojo","status":"publish","type":"post","link":"https:\/\/encuentroinformativo.com.mx\/?p=8147","title":{"rendered":"Por gran movilidad, Xalapa podr\u00eda regresar a sem\u00e1foro rojo"},"content":{"rendered":"\n<p><strong>Dar\u00edo Pale <\/strong><\/p>\n\n\n\n<p>Xalapa, Ver.- La subdirectora de Salud del ayuntamiento de Xalapa, Flor Patricia del \u00c1ngel,\u00a0desminti\u00f3 las versiones de que el alcalde Hip\u00f3lito Rodr\u00edguez Herrero dijera que en Xalapa se pasar\u00e1 nuevamente a confinamiento una vez m\u00e1s para evitar contagios de coronavirus.<\/p>\n\n\n\n<p>Entrevistada en los pasillos de conocido caf\u00e9 del centro de Xalapa, consider\u00f3 como una interpretaci\u00f3n &#8220;err\u00f3nea&#8221; del alcalde de Xalapa, Hip\u00f3lito Rodr\u00edguez Herero y estim\u00f3 que la intenci\u00f3n del mun\u00edcipe era m\u00e1s de insistir ante la poblaci\u00f3n para seguirse cuidando,\u00a0&#8220;c\u00f3mo lo hemos visto en otros estados, hay m\u00e1s posibilidades de transitar a un sem\u00e1foro rojo que transitar al amarillo&#8221;.<\/p>\n\n\n\n<p>Refiri\u00f3 que Xalapa no est\u00e1 entre los primeros lugares del Estado por el n\u00famero de contagios, fallecimientos o tasa de letalidad, pero no est\u00e1 nada lejos de regresar al rojo por ser una ciudad de gran movilidad, por lo\u00a0que los ciudadanos deben seguir con las medidas de sana distancia, incluso incrementar la distancia entre una y otra persona de m\u00e1s de dos metros.<\/p>\n\n\n\n<p>Si bien es cierto que en Xalapa se tienen m\u00e1s de 600 casos sospechosos a COVID-19, al momento no se va a declarar alerta m\u00e1xima en la Capital del Estado.<\/p>\n\n\n\n<p>Enfatiz\u00f3 la importancia de que el comercio local siga su curso, pues la econom\u00eda es importante para el desarrollo social, muchos comercios se mantuvieron cerrados por un periodo de 8 meses, y dijo, es necesario se mantengan abiertos, cumpliendo con las recomendaciones de la autoridad.<\/p>\n\n\n\n<p>Por \u00faltimo cabe recordar que Xalapa era segundo lugar a nivel estatal en casos con mayor contagios de COVID-19, por lo que se insiste en las medidas sanitarias, \u201ctenemos que seguir insistiendo, m\u00e1s all\u00e1 de lo que todos ya sabemos, el uso obligatorio del cubrebocas, la sana distancia y ahora tenemos que extremar dos metros\u201d.<\/p>\n","protected":false},"excerpt":{"rendered":"<p>Dar\u00edo Pale Xalapa, Ver.- La subdirectora de Salud del ayuntamiento de Xalapa, Flor Patricia del \u00c1ngel,\u00a0desminti\u00f3 las versiones de que el alcalde Hip\u00f3lito Rodr\u00edguez Herrero dijera que en Xalapa se pasar\u00e1 nuevamente a confinamiento una vez m\u00e1s para evitar contagios de coronavirus. Entrevistada en los pasillos de conocido caf\u00e9 del centro de Xalapa, consider\u00f3 como [&hellip;]<\/p>\n","protected":false},"author":1,"featured_media":8148,"comment_status":"open","ping_status":"open","sticky":false,"template":"","format":"standard","meta":{"_jetpack_memberships_contains_paid_content":false,"footnotes":""},"categories":[9],"tags":[],"class_list":["post-8147","post","type-post","status-publish","format-standard","has-post-thumbnail","hentry","category-salud"],"jetpack_featured_media_url":"https:\/\/encuentroinformativo.com.mx\/wp-content\/uploads\/2020\/11\/D64FDF1D-1766-42CB-8DB9-859DC5E7C7D9.jpeg","jetpack_sharing_enabled":true,"jetpack_likes_enabled":true,"amp_enabled":true,"_links":{"self":[{"href":"https:\/\/encuentroinformativo.com.mx\/index.php?rest_route=\/wp\/v2\/posts\/8147","targetHints":{"allow":["GET"]}}],"collection":[{"href":"https:\/\/encuentroinformativo.com.mx\/index.php?rest_route=\/wp\/v2\/posts"}],"about":[{"href":"https:\/\/encuentroinformativo.com.mx\/index.php?rest_route=\/wp\/v2\/types\/post"}],"author":[{"embeddable":true,"href":"https:\/\/encuentroinformativo.com.mx\/index.php?rest_route=\/wp\/v2\/users\/1"}],"replies":[{"embeddable":true,"href":"https:\/\/encuentroinformativo.com.mx\/index.php?rest_route=%2Fwp%2Fv2%2Fcomments&post=8147"}],"version-history":[{"count":1,"href":"https:\/\/encuentroinformativo.com.mx\/index.php?rest_route=\/wp\/v2\/posts\/8147\/revisions"}],"predecessor-version":[{"id":8149,"href":"https:\/\/encuentroinformativo.com.mx\/index.php?rest_route=\/wp\/v2\/posts\/8147\/revisions\/8149"}],"wp:featuredmedia":[{"embeddable":true,"href":"https:\/\/encuentroinformativo.com.mx\/index.php?rest_route=\/wp\/v2\/media\/8148"}],"wp:attachment":[{"href":"https:\/\/encuentroinformativo.com.mx\/index.php?rest_route=%2Fwp%2Fv2%2Fmedia&parent=8147"}],"wp:term":[{"taxonomy":"category","embeddable":true,"href":"https:\/\/encuentroinformativo.com.mx\/index.php?rest_route=%2Fwp%2Fv2%2Fcategories&post=8147"},{"taxonomy":"post_tag","embeddable":true,"href":"https:\/\/encuentroinformativo.com.mx\/index.php?rest_route=%2Fwp%2Fv2%2Ftags&post=8147"}],"curies":[{"name":"wp","href":"https:\/\/api.w.org\/{rel}","templated":true}]}}