{"id":8158,"date":"2020-11-18T09:59:31","date_gmt":"2020-11-18T15:59:31","guid":{"rendered":"https:\/\/encuentroinformativo.com.mx\/?p=8158"},"modified":"2020-11-18T09:59:34","modified_gmt":"2020-11-18T15:59:34","slug":"daran-mantenimiento-a-segunda-iglesia-mas-antigua-de-latinoamerica","status":"publish","type":"post","link":"https:\/\/encuentroinformativo.com.mx\/?p=8158","title":{"rendered":"Dar\u00e1n mantenimiento a segunda Iglesia m\u00e1s antigua de Latinoam\u00e9rica"},"content":{"rendered":"\n<p><strong>Alejandro \u00c1vila<\/strong><\/p>\n\n\n\n<p>Medell\u00edn de Bravo, Ver.- El Ayuntamiento de Medell\u00edn de Bravo logr\u00f3 conseguir un recurso mediante Asociaciones Civiles para darle mantenimiento a la iglesia municipal, la cual es la segunda m\u00e1s antigua de Latinoam\u00e9rica, misma que Hern\u00e1n Cort\u00e9s mand\u00f3 a construir.<\/p>\n\n\n\n<p>El presidente municipal, Hip\u00f3lito Deschamps Espino Barros detall\u00f3 que se necesitan entre 4.5 y 5 millones de pesos para remodelar la parroquia \u201cSan Miguel \u00c1rcangel\u201d, obra que tendr\u00e1 que ser muy supervisada y bajo los lineamientos que se\u00f1ala el Instituto Nacional de Antropolog\u00eda e Historia (INAH).<\/p>\n\n\n\n<p>\u201cHemos tenido pl\u00e1ticas con el INAH, hemos tenido pl\u00e1ticas tambi\u00e9n, insisto, con distintas Asociaciones a nivel internacional, para hacer una remodelaci\u00f3n integral de todo los que es el casco de Medell\u00edn o la cabecera municipal como ac\u00e1 lo conocemos; creo que vamos bien, vamos muy adelantados, parece ser que s\u00ed vamos a poder bajar este recurso en marzo, y la intenci\u00f3n es obviamente volver esa parte de Medell\u00edn un lugar tur\u00edstico\u201d, asest\u00f3.<\/p>\n\n\n\n<p>El presidente municipal panista, dijo que durante su gesti\u00f3n se ha comprometido a lograr detonar a Medell\u00edn de Bravo como sitio tur\u00edstico e hist\u00f3rico, ya que el municipio es un asentamiento espa\u00f1ol, que en 2021 cumplir\u00e1 500 a\u00f1os.<\/p>\n\n\n\n<p>\u201cUna forma de hacerlo no solo es hacer fiesta, sino obviamente, tratar de meterle un presupuesto, una inversi\u00f3n importante a la parte m\u00e1s hist\u00f3rica de nuestro municipio, donde Nicol\u00e1s Bravo perdona a los espa\u00f1oles, donde Hern\u00e1n Cort\u00e9s hizo una Capilla para \u00e9l poder ir a orar en los fines de semana, cuando ven\u00eda a descansar del Puerto de Veracruz, creo que es algo que tenemos que hacer\u201d, subray\u00f3.<\/p>\n\n\n\n<p>Finalmente, aclar\u00f3 que ya se tiene listo el proyecto para remodelar varios espacios emblem\u00e1ticos del municipio, mismo que costar\u00eda 50 millones de pesos y se espera no utilizar dinero p\u00fablico, sino financiamiento privado, donde la primera etapa es la Iglesia, posterior el Palacio Municipal, la Plaza P\u00fablica, el Registro Civil y las calles aleda\u00f1as, todos los inmuebles de valor hist\u00f3rico.<\/p>\n\n\n\n<p>\u201cParece ser que el recurso conseguido va a lograr que todo se baje de golpe, entonces, si baja lo de la iglesia es que baj\u00f3 lo dem\u00e1s, entonces esperemos que as\u00ed sea, porque vamos a poder lograr un tema de urbanizaci\u00f3n en la zona, del centro de Medell\u00edn que de manera hist\u00f3rica ha sido abandonada\u201d, asest\u00f3.<\/p>\n","protected":false},"excerpt":{"rendered":"<p>Alejandro \u00c1vila Medell\u00edn de Bravo, Ver.- El Ayuntamiento de Medell\u00edn de Bravo logr\u00f3 conseguir un recurso mediante Asociaciones Civiles para darle mantenimiento a la iglesia municipal, la cual es la segunda m\u00e1s antigua de Latinoam\u00e9rica, misma que Hern\u00e1n Cort\u00e9s mand\u00f3 a construir. El presidente municipal, Hip\u00f3lito Deschamps Espino Barros detall\u00f3 que se necesitan entre 4.5 [&hellip;]<\/p>\n","protected":false},"author":1,"featured_media":8159,"comment_status":"open","ping_status":"open","sticky":false,"template":"","format":"standard","meta":{"_jetpack_memberships_contains_paid_content":false,"footnotes":""},"categories":[2],"tags":[],"class_list":["post-8158","post","type-post","status-publish","format-standard","has-post-thumbnail","hentry","category-estado"],"jetpack_featured_media_url":"https:\/\/encuentroinformativo.com.mx\/wp-content\/uploads\/2020\/11\/B450E83F-1DFC-4E12-9CCC-A16235BEE9F9.jpeg","jetpack_sharing_enabled":true,"jetpack_likes_enabled":true,"amp_enabled":true,"_links":{"self":[{"href":"https:\/\/encuentroinformativo.com.mx\/index.php?rest_route=\/wp\/v2\/posts\/8158","targetHints":{"allow":["GET"]}}],"collection":[{"href":"https:\/\/encuentroinformativo.com.mx\/index.php?rest_route=\/wp\/v2\/posts"}],"about":[{"href":"https:\/\/encuentroinformativo.com.mx\/index.php?rest_route=\/wp\/v2\/types\/post"}],"author":[{"embeddable":true,"href":"https:\/\/encuentroinformativo.com.mx\/index.php?rest_route=\/wp\/v2\/users\/1"}],"replies":[{"embeddable":true,"href":"https:\/\/encuentroinformativo.com.mx\/index.php?rest_route=%2Fwp%2Fv2%2Fcomments&post=8158"}],"version-history":[{"count":1,"href":"https:\/\/encuentroinformativo.com.mx\/index.php?rest_route=\/wp\/v2\/posts\/8158\/revisions"}],"predecessor-version":[{"id":8160,"href":"https:\/\/encuentroinformativo.com.mx\/index.php?rest_route=\/wp\/v2\/posts\/8158\/revisions\/8160"}],"wp:featuredmedia":[{"embeddable":true,"href":"https:\/\/encuentroinformativo.com.mx\/index.php?rest_route=\/wp\/v2\/media\/8159"}],"wp:attachment":[{"href":"https:\/\/encuentroinformativo.com.mx\/index.php?rest_route=%2Fwp%2Fv2%2Fmedia&parent=8158"}],"wp:term":[{"taxonomy":"category","embeddable":true,"href":"https:\/\/encuentroinformativo.com.mx\/index.php?rest_route=%2Fwp%2Fv2%2Fcategories&post=8158"},{"taxonomy":"post_tag","embeddable":true,"href":"https:\/\/encuentroinformativo.com.mx\/index.php?rest_route=%2Fwp%2Fv2%2Ftags&post=8158"}],"curies":[{"name":"wp","href":"https:\/\/api.w.org\/{rel}","templated":true}]}}