{"id":8172,"date":"2020-11-18T13:43:27","date_gmt":"2020-11-18T19:43:27","guid":{"rendered":"https:\/\/encuentroinformativo.com.mx\/?p=8172"},"modified":"2020-11-18T13:43:30","modified_gmt":"2020-11-18T19:43:30","slug":"acusan-a-fiscal-regional-de-proteger-a-mujer-que-atropello-a-persona-de-la-tercera-edad","status":"publish","type":"post","link":"https:\/\/encuentroinformativo.com.mx\/?p=8172","title":{"rendered":"Acusan a Fiscal Regional de proteger a mujer que atropell\u00f3 a persona de la tercera edad"},"content":{"rendered":"\n<p><strong>Alejandro \u00c1vila<\/strong><\/p>\n\n\n\n<p>Veracruz, Ver.- Elsy C\u00f3rdoba, hija de Ana Mar\u00eda Virgen Tinoco de 67 a\u00f1os, quien fue atropellada el pasado 15 de septiembre en la colonia Carranza del municipio de Boca del R\u00edo, acus\u00f3 al Fiscal Regional, Alfredo Torres de beneficiar a la persona que lesion\u00f3 a su madre, pues no acepta pruebas contundentes para que se haga responsable de los sucedido.<\/p>\n\n\n\n<p>Este mi\u00e9rcoles 18 de noviembre se llev\u00f3 a cabo la audiencia los Juzgados de zona norte, ubicados sobre la avenida Fidel Vel\u00e1zquez, donde no dejaron ingresar a la hija de la v\u00edctima, pues le dijeron que deb\u00eda estar su madre presente, pero esta se encuentra en recuperaci\u00f3n debido a las m\u00faltiples fracturas que recibi\u00f3 tras el impacto del veh\u00edculo.<\/p>\n\n\n\n<p>\u201cMi mam\u00e1 tiene 67 a\u00f1os, ese d\u00eda acudieron a la Cruz Roja, supuestamente estas personas se iba a hacer responsables, valoraron a mi mam\u00e1 con diversas fracturas, clav\u00edcula, arcos costales, rodillas, en cual ascendieron en ese momento a m\u00e1s de 40 mil pesos\u201d, mencion\u00f3 Elsy C\u00f3rdoba.<\/p>\n\n\n\n<p>Desde que la se\u00f1ora Zuleima Guadalupe quien conduc\u00eda un autom\u00f3vil Dodge Atitude color blanco con placas YJX-12-49 fue detenida, comenzaron las irregularidades, pues ella no estuvo ni siquiera 24 horas en las oficinas de la Fiscal\u00eda Regional y fue liberada sin permitir que se llevara completo el proceso adecuado.<br>Su esposo, quien se identific\u00f3 como Daniel Mart\u00ednez sabiendo que el autom\u00f3vil no contaba con seguro de gastos mayores como marca la Ley de Tr\u00e1nsito, se comprometi\u00f3 a cubrir todos los gastos, pero es la fecha en que ha incumplido con su palabra.<\/p>\n\n\n\n<p>\u201cEstamos el d\u00eda de hoy para ver qu\u00e9 es lo que se puede resolver, mostrar los video, porque en lo videos est\u00e1 claro que la se\u00f1ora que atropell\u00f3 a mam\u00e1, pues s\u00ed tiene gran culpa (\u2026) el esposo de Zuleima Guadalupe, dijo que se har\u00eda responsable de todo, pero nunca m\u00e1s regres\u00f3\u201d, dijo la hija.<\/p>\n\n\n\n<p>La se\u00f1ora Ana Mar\u00eda fue traslada al UMAE 14 del IMSS que se ubica en la avenida Cuauht\u00e9moc, ya que su familia no pod\u00eda seguir pagando los gastos en la Cruz Roja.<\/p>\n\n\n\n<p>\u201cAun no puede caminar, le cuesta mucho trabajo, ma\u00f1ana ser\u00e1 valorada para ver qu\u00e9 es lo que dice el doctor, le har\u00e1n de nuevo las placas. Pues en gastos se han comprado muchos aparatos, alrededor de unos 30 mil, 45 mil pesos (\u2026) el gasto de la Cruz Roja yo lo cubr\u00ed, ped\u00ed pr\u00e9stamos y fueron tres d\u00edas, fueron 9 mil pesos\u201d, detall\u00f3 Elsy C\u00f3rdoba.<\/p>\n\n\n\n<p>Finalmente, la joven asegur\u00f3 que s\u00ed tienen miedo de que la Fiscal\u00eda Regional les juegue \u201cchueco\u201d y no de un veredicto a su favor.<\/p>\n\n\n\n<p>\u201cTenemos los videos y esperemos que con los videos se pueda solucionar y que hagan caso, porque no es posible que cientos de personas coincidan con nosotros, la se\u00f1ora es culpable y que est\u00e9n omitiendo esto\u201d, remat\u00f3.<\/p>\n","protected":false},"excerpt":{"rendered":"<p>Alejandro \u00c1vila Veracruz, Ver.- Elsy C\u00f3rdoba, hija de Ana Mar\u00eda Virgen Tinoco de 67 a\u00f1os, quien fue atropellada el pasado 15 de septiembre en la colonia Carranza del municipio de Boca del R\u00edo, acus\u00f3 al Fiscal Regional, Alfredo Torres de beneficiar a la persona que lesion\u00f3 a su madre, pues no acepta pruebas contundentes para [&hellip;]<\/p>\n","protected":false},"author":1,"featured_media":8173,"comment_status":"open","ping_status":"open","sticky":false,"template":"","format":"standard","meta":{"_jetpack_memberships_contains_paid_content":false,"footnotes":""},"categories":[2],"tags":[],"class_list":["post-8172","post","type-post","status-publish","format-standard","has-post-thumbnail","hentry","category-estado"],"jetpack_featured_media_url":"https:\/\/encuentroinformativo.com.mx\/wp-content\/uploads\/2020\/11\/BD1E2208-782C-4E5C-BB95-1C6B6104BE4B.jpeg","jetpack_sharing_enabled":true,"jetpack_likes_enabled":true,"amp_enabled":true,"_links":{"self":[{"href":"https:\/\/encuentroinformativo.com.mx\/index.php?rest_route=\/wp\/v2\/posts\/8172","targetHints":{"allow":["GET"]}}],"collection":[{"href":"https:\/\/encuentroinformativo.com.mx\/index.php?rest_route=\/wp\/v2\/posts"}],"about":[{"href":"https:\/\/encuentroinformativo.com.mx\/index.php?rest_route=\/wp\/v2\/types\/post"}],"author":[{"embeddable":true,"href":"https:\/\/encuentroinformativo.com.mx\/index.php?rest_route=\/wp\/v2\/users\/1"}],"replies":[{"embeddable":true,"href":"https:\/\/encuentroinformativo.com.mx\/index.php?rest_route=%2Fwp%2Fv2%2Fcomments&post=8172"}],"version-history":[{"count":1,"href":"https:\/\/encuentroinformativo.com.mx\/index.php?rest_route=\/wp\/v2\/posts\/8172\/revisions"}],"predecessor-version":[{"id":8174,"href":"https:\/\/encuentroinformativo.com.mx\/index.php?rest_route=\/wp\/v2\/posts\/8172\/revisions\/8174"}],"wp:featuredmedia":[{"embeddable":true,"href":"https:\/\/encuentroinformativo.com.mx\/index.php?rest_route=\/wp\/v2\/media\/8173"}],"wp:attachment":[{"href":"https:\/\/encuentroinformativo.com.mx\/index.php?rest_route=%2Fwp%2Fv2%2Fmedia&parent=8172"}],"wp:term":[{"taxonomy":"category","embeddable":true,"href":"https:\/\/encuentroinformativo.com.mx\/index.php?rest_route=%2Fwp%2Fv2%2Fcategories&post=8172"},{"taxonomy":"post_tag","embeddable":true,"href":"https:\/\/encuentroinformativo.com.mx\/index.php?rest_route=%2Fwp%2Fv2%2Ftags&post=8172"}],"curies":[{"name":"wp","href":"https:\/\/api.w.org\/{rel}","templated":true}]}}