{"id":8175,"date":"2020-11-18T14:06:42","date_gmt":"2020-11-18T20:06:42","guid":{"rendered":"https:\/\/encuentroinformativo.com.mx\/?p=8175"},"modified":"2020-11-18T14:06:44","modified_gmt":"2020-11-18T20:06:44","slug":"pandemia-genera-focos-rojos-en-xalapa-autodefensas","status":"publish","type":"post","link":"https:\/\/encuentroinformativo.com.mx\/?p=8175","title":{"rendered":"Pandemia genera focos rojos en Xalapa: Autodefensas"},"content":{"rendered":"\n<p><strong>Juan Arcos <\/strong><\/p>\n\n\n\n<p>Xalapa, Ver.- El grupo de autodefensas de Xalapa consider\u00f3 que ha incrementado la incidencia delictiva por la pandemia del SARS-COV-2 (COVID-19).<\/p>\n\n\n\n<p>De acuerdo con Francisco Carmona Cort\u00e9s, coordinador del Frente Nacional de Autodefensas en Xalapa, los focos rojos por esta problem\u00e1tica han sido detectados en las colonias Vicente Guerrero, Campo de Tiro, El Moral, Revoluci\u00f3n y Lomas de Santa Fe.<\/p>\n\n\n\n<p>El entrevistado indic\u00f3 que pareciera que las autoridades tienen otra percepci\u00f3n en materia de seguridad.<\/p>\n\n\n\n<p>\u201cTenemos la percepci\u00f3n de que, a diferencia de lo que dicen nuestras autoridades, la incidencia delictiva ha ido a la alza, todos sabemos el motivo, es por la pandemia\u201d.<\/p>\n\n\n\n<p>A su juicio, muchas personas se quedaron sin empleo y sin un ingreso econ\u00f3mico para cubrir las principales necesidades de sus familias.<\/p>\n\n\n\n<p>\u201cMuchos perdieron sus trabajos, hay mucha gente que est\u00e1 desocupada. Lamentablemente algunas de las personas han encontrado el camino f\u00e1cil en el robo a casa habitaci\u00f3n, las ejecuciones, hemos tenido varias en esta ciudad\u201d.<\/p>\n\n\n\n<p>Record\u00f3 que recientemente se registraron ejecuciones en la colonia Moctezuma de la Reserva Territorial de Xalapa y en la zona de Acueducto.\u00a0<\/p>\n\n\n\n<p>\u201cSigue habiendo este tipo de acciones delictivas de alto impacto en la sociedad y la percepci\u00f3n del ciudadano es que estamos desprotegidos y es la realidad, es lo que percibimos\u201d.<\/p>\n\n\n\n<p>Carmona Cort\u00e9s se\u00f1al\u00f3 que han recibido llamadas de la ciudadan\u00eda para sumarse a los grupos autodefensas y organizarse en sus colonias ante la delincuencia.<\/p>\n\n\n\n<p>\u201cEs lamentable el tema de la violencia, lo que hoy estamos viviendo, es muy delicado el tema de la Alcaldesa de Jamapa, es algo que refleja no solo una ineficacia en cuesti\u00f3n de seguridad, hay poca sensibilidad por parte de nuestro gobierno\u201d, expres\u00f3.<\/p>\n","protected":false},"excerpt":{"rendered":"<p>Juan Arcos Xalapa, Ver.- El grupo de autodefensas de Xalapa consider\u00f3 que ha incrementado la incidencia delictiva por la pandemia del SARS-COV-2 (COVID-19). De acuerdo con Francisco Carmona Cort\u00e9s, coordinador del Frente Nacional de Autodefensas en Xalapa, los focos rojos por esta problem\u00e1tica han sido detectados en las colonias Vicente Guerrero, Campo de Tiro, El [&hellip;]<\/p>\n","protected":false},"author":1,"featured_media":8176,"comment_status":"open","ping_status":"open","sticky":false,"template":"","format":"standard","meta":{"_jetpack_memberships_contains_paid_content":false,"footnotes":""},"categories":[3],"tags":[],"class_list":["post-8175","post","type-post","status-publish","format-standard","has-post-thumbnail","hentry","category-xalapa"],"jetpack_featured_media_url":"https:\/\/encuentroinformativo.com.mx\/wp-content\/uploads\/2020\/11\/D5153BF1-4373-4AF5-A7A7-E13FD1922C7A.jpeg","jetpack_sharing_enabled":true,"jetpack_likes_enabled":true,"amp_enabled":true,"_links":{"self":[{"href":"https:\/\/encuentroinformativo.com.mx\/index.php?rest_route=\/wp\/v2\/posts\/8175","targetHints":{"allow":["GET"]}}],"collection":[{"href":"https:\/\/encuentroinformativo.com.mx\/index.php?rest_route=\/wp\/v2\/posts"}],"about":[{"href":"https:\/\/encuentroinformativo.com.mx\/index.php?rest_route=\/wp\/v2\/types\/post"}],"author":[{"embeddable":true,"href":"https:\/\/encuentroinformativo.com.mx\/index.php?rest_route=\/wp\/v2\/users\/1"}],"replies":[{"embeddable":true,"href":"https:\/\/encuentroinformativo.com.mx\/index.php?rest_route=%2Fwp%2Fv2%2Fcomments&post=8175"}],"version-history":[{"count":1,"href":"https:\/\/encuentroinformativo.com.mx\/index.php?rest_route=\/wp\/v2\/posts\/8175\/revisions"}],"predecessor-version":[{"id":8177,"href":"https:\/\/encuentroinformativo.com.mx\/index.php?rest_route=\/wp\/v2\/posts\/8175\/revisions\/8177"}],"wp:featuredmedia":[{"embeddable":true,"href":"https:\/\/encuentroinformativo.com.mx\/index.php?rest_route=\/wp\/v2\/media\/8176"}],"wp:attachment":[{"href":"https:\/\/encuentroinformativo.com.mx\/index.php?rest_route=%2Fwp%2Fv2%2Fmedia&parent=8175"}],"wp:term":[{"taxonomy":"category","embeddable":true,"href":"https:\/\/encuentroinformativo.com.mx\/index.php?rest_route=%2Fwp%2Fv2%2Fcategories&post=8175"},{"taxonomy":"post_tag","embeddable":true,"href":"https:\/\/encuentroinformativo.com.mx\/index.php?rest_route=%2Fwp%2Fv2%2Ftags&post=8175"}],"curies":[{"name":"wp","href":"https:\/\/api.w.org\/{rel}","templated":true}]}}