{"id":8178,"date":"2020-11-18T14:22:08","date_gmt":"2020-11-18T20:22:08","guid":{"rendered":"https:\/\/encuentroinformativo.com.mx\/?p=8178"},"modified":"2020-11-18T14:22:39","modified_gmt":"2020-11-18T20:22:39","slug":"atiende-conagua-problemas-en-agua-dulce-alcalde","status":"publish","type":"post","link":"https:\/\/encuentroinformativo.com.mx\/?p=8178","title":{"rendered":"Atiende Conagua problemas en Agua Dulce: Alcalde"},"content":{"rendered":"\n<p><strong>Dar\u00edo Pale <\/strong><\/p>\n\n\n\n<p>Xalapa, Ver.- Tras el reclamo que hiciera a Conagua por no haber realizado el dragado del r\u00edo Aguadulcita y culpar a la dependencia de ser parte responsable de la inundaci\u00f3n del pasado 2 de noviembre; ya fue atendido, as\u00ed lo inform\u00f3 el\u00a0alcalde del municipio de Agua Dulce, Sergio Guzm\u00e1n Ric\u00e1rdez.<\/p>\n\n\n\n<p>Entrevistado a su arribo al Congreso del Estado donde asisti\u00f3 a la comparecencia del secretario de gobierno Eric Cisneros Burgos se\u00f1al\u00f3 que,\u00a0&#8220;ya nos est\u00e1 atendiendo Conagua, que fue un reclamo que le estuvimos haciendo desde que iniciamos la gesti\u00f3n, ya est\u00e1 semana nos est\u00e1 atendiendo y me parece que estamos considerados en un programa&#8221;.<\/p>\n\n\n\n<p>Insisti\u00f3 en responsabilizar a la Conagua por la inundaci\u00f3n porque no hicieron la limpieza y el dragado del r\u00edo, adem\u00e1s de que desconoci\u00f3 en\u00a0cu\u00e1nto se va a requerir para la realizaci\u00f3n de las obras hidr\u00e1ulicas que tendr\u00eda que llevar a cabo la dependencia federal.<\/p>\n\n\n\n<p>Finalmente se\u00f1al\u00f3 que tras la declaratoria de desastre por las inundaciones, ya les entregaron los apoyos del DIF Estatal, de igual forma\u00a0en materia de seguridad, el edil reconoci\u00f3 que su municipio forma parte de una zona &#8220;complicada&#8221; en materia de seguridad, sin embargo, desde que inici\u00f3 la presente administraci\u00f3n estatal, hay vigilancia de las diversas fuerzas del orden.<\/p>\n","protected":false},"excerpt":{"rendered":"<p>Dar\u00edo Pale Xalapa, Ver.- Tras el reclamo que hiciera a Conagua por no haber realizado el dragado del r\u00edo Aguadulcita y culpar a la dependencia de ser parte responsable de la inundaci\u00f3n del pasado 2 de noviembre; ya fue atendido, as\u00ed lo inform\u00f3 el\u00a0alcalde del municipio de Agua Dulce, Sergio Guzm\u00e1n Ric\u00e1rdez. Entrevistado a su [&hellip;]<\/p>\n","protected":false},"author":1,"featured_media":5113,"comment_status":"open","ping_status":"open","sticky":false,"template":"","format":"standard","meta":{"_jetpack_memberships_contains_paid_content":false,"footnotes":""},"categories":[2],"tags":[],"class_list":["post-8178","post","type-post","status-publish","format-standard","has-post-thumbnail","hentry","category-estado"],"jetpack_featured_media_url":"https:\/\/encuentroinformativo.com.mx\/wp-content\/uploads\/2020\/08\/CB57E60D-02CA-4455-B1AB-D8A842396168.jpeg","jetpack_sharing_enabled":true,"jetpack_likes_enabled":true,"amp_enabled":true,"_links":{"self":[{"href":"https:\/\/encuentroinformativo.com.mx\/index.php?rest_route=\/wp\/v2\/posts\/8178","targetHints":{"allow":["GET"]}}],"collection":[{"href":"https:\/\/encuentroinformativo.com.mx\/index.php?rest_route=\/wp\/v2\/posts"}],"about":[{"href":"https:\/\/encuentroinformativo.com.mx\/index.php?rest_route=\/wp\/v2\/types\/post"}],"author":[{"embeddable":true,"href":"https:\/\/encuentroinformativo.com.mx\/index.php?rest_route=\/wp\/v2\/users\/1"}],"replies":[{"embeddable":true,"href":"https:\/\/encuentroinformativo.com.mx\/index.php?rest_route=%2Fwp%2Fv2%2Fcomments&post=8178"}],"version-history":[{"count":1,"href":"https:\/\/encuentroinformativo.com.mx\/index.php?rest_route=\/wp\/v2\/posts\/8178\/revisions"}],"predecessor-version":[{"id":8179,"href":"https:\/\/encuentroinformativo.com.mx\/index.php?rest_route=\/wp\/v2\/posts\/8178\/revisions\/8179"}],"wp:featuredmedia":[{"embeddable":true,"href":"https:\/\/encuentroinformativo.com.mx\/index.php?rest_route=\/wp\/v2\/media\/5113"}],"wp:attachment":[{"href":"https:\/\/encuentroinformativo.com.mx\/index.php?rest_route=%2Fwp%2Fv2%2Fmedia&parent=8178"}],"wp:term":[{"taxonomy":"category","embeddable":true,"href":"https:\/\/encuentroinformativo.com.mx\/index.php?rest_route=%2Fwp%2Fv2%2Fcategories&post=8178"},{"taxonomy":"post_tag","embeddable":true,"href":"https:\/\/encuentroinformativo.com.mx\/index.php?rest_route=%2Fwp%2Fv2%2Ftags&post=8178"}],"curies":[{"name":"wp","href":"https:\/\/api.w.org\/{rel}","templated":true}]}}