{"id":819,"date":"2020-03-12T14:04:16","date_gmt":"2020-03-12T20:04:16","guid":{"rendered":"https:\/\/encuentroinformativo.com\/?p=819"},"modified":"2020-03-12T14:04:19","modified_gmt":"2020-03-12T20:04:19","slug":"docentes-de-telebachillerato-reclaman-pagos-en-la-sev","status":"publish","type":"post","link":"https:\/\/encuentroinformativo.com.mx\/?p=819","title":{"rendered":"Docentes de Telebachillerato reclaman pagos en la SEV"},"content":{"rendered":"\n<p><strong>Dar\u00edo Pale <\/strong><\/p>\n\n\n\n<p>Xalapa, Ver.- Con la finalidad de exigir el pago de su salario que les adeuda desde hace tres meses la Secretar\u00eda de Educaci\u00f3n de Veracruz (SEV), los maestros del sistema de Telebachillerato Comunitario protestaron en la puerta de las oficinas centrales de la Secretar\u00eda.<\/p>\n\n\n\n<p>Entrevistada durante \u00a0la manifestaci\u00f3n en dichas instalaciones Nayeli Romero Ortega y Sergio Luis Garc\u00eda, dieron a conocer que llegaron a las puertas de la SEV para exigir a la Oficial Mayor y al secretario de Educaci\u00f3n que se les paguen los meses que ya han trabajado en las escuelas de sus comunidades.<\/p>\n\n\n\n<p>\u201cNosotros tenemos contratos con la SEV y tuvimos que venir a Xalapa en representaci\u00f3n de otros maestros a exigir el pago de nuestros salarios, nos lo deben desde enero y lo que va de marzo y ya no nos es posible continuar sin recursos\u201d, acusaron.<\/p>\n\n\n\n<p>Indicaron que forman parte de un programa educativo con el cual a los maestros se les paga peso a peso; es decir, el 50% lo paga el gobierno federal y el 50% el gobierno estatal.<\/p>\n\n\n\n<p>\u201cNosotros firmamos ya un contrato de prestaci\u00f3n de servicios con la SEV y se supone que cuando se firma ese contrato es porque ya se tiene los recursos para pagar a los maestros; sin embargo, no se nos ha pagado por ello estanos ya exigiendo ese pago. En este momento, nos manifestamos de forma pac\u00edfica pero si no se nos da respuesta a nuestra exigencia estanos dispuestos a bloquear avenidas importantes\u201d, finaliz\u00f3.<\/p>\n\n\n\n<p><\/p>\n","protected":false},"excerpt":{"rendered":"<p>Dar\u00edo Pale Xalapa, Ver.- Con la finalidad de exigir el pago de su salario que les adeuda desde hace tres meses la Secretar\u00eda de Educaci\u00f3n de Veracruz (SEV), los maestros del sistema de Telebachillerato Comunitario protestaron en la puerta de las oficinas centrales de la Secretar\u00eda. Entrevistada durante \u00a0la manifestaci\u00f3n en dichas instalaciones Nayeli Romero [&hellip;]<\/p>\n","protected":false},"author":1,"featured_media":284,"comment_status":"open","ping_status":"open","sticky":false,"template":"","format":"standard","meta":{"_jetpack_memberships_contains_paid_content":false,"footnotes":""},"categories":[2],"tags":[],"class_list":["post-819","post","type-post","status-publish","format-standard","has-post-thumbnail","hentry","category-estado"],"jetpack_featured_media_url":"https:\/\/encuentroinformativo.com.mx\/wp-content\/uploads\/2020\/03\/ezy-watermark_02-03-2020_05-54-47p.m..jpg","jetpack_sharing_enabled":true,"jetpack_likes_enabled":true,"amp_enabled":true,"_links":{"self":[{"href":"https:\/\/encuentroinformativo.com.mx\/index.php?rest_route=\/wp\/v2\/posts\/819","targetHints":{"allow":["GET"]}}],"collection":[{"href":"https:\/\/encuentroinformativo.com.mx\/index.php?rest_route=\/wp\/v2\/posts"}],"about":[{"href":"https:\/\/encuentroinformativo.com.mx\/index.php?rest_route=\/wp\/v2\/types\/post"}],"author":[{"embeddable":true,"href":"https:\/\/encuentroinformativo.com.mx\/index.php?rest_route=\/wp\/v2\/users\/1"}],"replies":[{"embeddable":true,"href":"https:\/\/encuentroinformativo.com.mx\/index.php?rest_route=%2Fwp%2Fv2%2Fcomments&post=819"}],"version-history":[{"count":1,"href":"https:\/\/encuentroinformativo.com.mx\/index.php?rest_route=\/wp\/v2\/posts\/819\/revisions"}],"predecessor-version":[{"id":820,"href":"https:\/\/encuentroinformativo.com.mx\/index.php?rest_route=\/wp\/v2\/posts\/819\/revisions\/820"}],"wp:featuredmedia":[{"embeddable":true,"href":"https:\/\/encuentroinformativo.com.mx\/index.php?rest_route=\/wp\/v2\/media\/284"}],"wp:attachment":[{"href":"https:\/\/encuentroinformativo.com.mx\/index.php?rest_route=%2Fwp%2Fv2%2Fmedia&parent=819"}],"wp:term":[{"taxonomy":"category","embeddable":true,"href":"https:\/\/encuentroinformativo.com.mx\/index.php?rest_route=%2Fwp%2Fv2%2Fcategories&post=819"},{"taxonomy":"post_tag","embeddable":true,"href":"https:\/\/encuentroinformativo.com.mx\/index.php?rest_route=%2Fwp%2Fv2%2Ftags&post=819"}],"curies":[{"name":"wp","href":"https:\/\/api.w.org\/{rel}","templated":true}]}}