{"id":8195,"date":"2020-11-19T10:25:37","date_gmt":"2020-11-19T16:25:37","guid":{"rendered":"https:\/\/encuentroinformativo.com.mx\/?p=8195"},"modified":"2020-11-19T10:25:41","modified_gmt":"2020-11-19T16:25:41","slug":"veracruz-de-ignacio-de-la-llave","status":"publish","type":"post","link":"https:\/\/encuentroinformativo.com.mx\/?p=8195","title":{"rendered":"Veracruz de Ignacio de la Llave"},"content":{"rendered":"\n<p><strong>Los Pol\u00edticos<\/strong><\/p>\n\n\n\n<p><strong>Salvador Mu\u00f1oz<\/strong><\/p>\n\n\n\n<p>Veracruz, el estado que lo tiene todo\u2026 bueno, casi todo\u2026 \u00a1menos \u201capellido\u201d! pero ayer, en San L\u00e1zaro, ya se lo endilgaron: \u201cde Ignacio de la Llave\u201d. Un ligero detalle que por muchos a\u00f1os pas\u00f3 desapercibido en nuestra Carta Guanga (digo, por tanto que la han estirado, alargado, recortado y dem\u00e1s)&#8230; hasta que la diputada Anil\u00fa Ingram y Rub\u00e9n Moreira Valdez alzaron la voz\u2026<\/p>\n\n\n\n<p>Para muchos, quiz\u00e1s este detalle parezca intrascendente, porque nadie dice Coahuila de Zaragoza o Michoac\u00e1n de Ocampo cuando se refieren a estos Estados, o quiz\u00e1s tambi\u00e9n nadie cite Veracruz de Ignacio de la Llave y puede ser por tres razones: comodidad, ignorancia, o en el peor de los casos, desprecio por la historia. Y es por eso la importancia de darle \u201capellido\u201d a Veracruz\u2026 la diputada Anil\u00fa lo expone as\u00ed: \u201cLa entidad veracruzana ha sido cuna de grandes civilizaciones, de hombres y mujeres que han dado su vida por la naci\u00f3n. Uno de estos pr\u00f3ceres fue el general Ignacio de la Llave, quien fuera gobernador en dos ocasiones y de quien, por decreto, la entidad adhiri\u00f3 su nombre a su denominaci\u00f3n oficial desde 1863. As\u00ed, desde hace m\u00e1s de 150 a\u00f1os, orgullosamente nos llamamos Veracruz de Ignacio de la Llave. Hoy, con esta reforma aprobada en la C\u00e1mara de Diputados, se honra a este h\u00e9roe y a nuestra entidad\u201d.<\/p>\n\n\n\n<p>Son 157 a\u00f1os para ser exactos, que a nivel nacional, no se le daba el \u201capellido\u201d a Veracruz, ni el reconocimiento que se merece este General orizabe\u00f1o quien encontr\u00f3 muerte de la peor manera que se puede pensar, pero de la \u00fanica manera con que se puede acabar a un valiente: traicionado por su propia tropa.<\/p>\n\n\n\n<p>Hay que ser justos\u2026 Don Miguel Alem\u00e1n Velazco, durante su gobierno, fue el primero en enmendar la plana a esa omisi\u00f3n y v\u00eda decreto, toda la papeler\u00eda oficial del Gobierno del Estado de Veracruz habr\u00eda de llevar el \u201cde Ignacio de la Llave\u201d.<\/p>\n\n\n\n<p>Se le dio la importancia merecida, que hubo una ceremonia en el Teatro del Estado\u2026 s\u00ed, dicho inmueble igual lleva el nombre del General Ignacio de la Llave y si usted no es de Xalapa, d\u00e9jeme orientarlo por si un d\u00eda gusta visitarlo: est\u00e1 en la <a href=\"https:\/\/www.google.com\/maps\/search\/calle+de+Ignacio+de+la+Llave+2?entry=gmail&amp;source=g\">calle de Ignacio de la Llave 2<\/a>.<\/p>\n\n\n\n<p>Hay que mencionar que en Orizaba, tambi\u00e9n est\u00e1 el Gran Teatro Ignacio de la Llave\u2026 si bien fue inaugurado durante el porfiriato, tengo la duda de si fue una obra total de dicho Presidente o si cuando fue Gobernador, el General orizabe\u00f1o lo mand\u00f3 a construir\u2026 tambi\u00e9n en la Alameda, si la memoria no me falla, en su centro, hay una estatua del ex mandatario.&nbsp;<\/p>\n\n\n\n<p>Volviendo a la ceremonia que es seguro se celebr\u00f3 a principios de este siglo, uno de los oradores en el homenaje al General, fue Juan Felipe Aguilar de la Llave, as\u00ed es, descendiente del ilustre orizabe\u00f1o\u2026 posterior a ello, se mont\u00f3 Guardia de Honor en el patio central de Palacio de Gobierno donde ahora, una estatua del General Ignacio de la Llave vigila la entrada que da al parque Ju\u00e1rez.<\/p>\n\n\n\n<p>Insisto: la relevancia de este acto, de darle \u201capellido\u201d a Veracruz, no es una ocurrencia, sino es conceder (o devolverle) a nuestra entidad la importancia que se merece y en un momento dado, enorgullecernos no s\u00f3lo de nuestra historia, sino de ser historia y m\u00e1s cuando la situaci\u00f3n econ\u00f3mica, de salud y hasta pol\u00edtica, no est\u00e1 a la altura de lo que demandamos\u2026<\/p>\n\n\n\n<p>Mariana Dunyaska intervino ayer en San L\u00e1zaro, en tribuna, para anunciar su benepl\u00e1cito por este evento de suma importancia para Veracruz. Se entiende. Es una de las pocas legisladoras que ha pugnado por darle a la entidad, el lugar que se merece, sobre todo, en el plano hist\u00f3rico. Ya en corto, me dice, con un dejo de frustraci\u00f3n:<\/p>\n\n\n\n<p>\u201cVeracruz es un estado que lo tiene todo, \u00a1todo! menos un buen gobierno&#8230; \u00a1todo!, menos un buen gobernador\u2026 \u00a1todo! menos una buena administraci\u00f3n p\u00fablica que se est\u00e1 olvidando que el Gobierno es servicio y el servicio es por amor a la gente\u2026\u201d, no a un Presidente.<\/p>\n\n\n\n<p><a href=\"mailto:smcainito@gmail.com\" target=\"_blank\" rel=\"noreferrer noopener\">smcainito@gmail.com<\/a><\/p>\n","protected":false},"excerpt":{"rendered":"<p>Los Pol\u00edticos Salvador Mu\u00f1oz Veracruz, el estado que lo tiene todo\u2026 bueno, casi todo\u2026 \u00a1menos \u201capellido\u201d! pero ayer, en San L\u00e1zaro, ya se lo endilgaron: \u201cde Ignacio de la Llave\u201d. Un ligero detalle que por muchos a\u00f1os pas\u00f3 desapercibido en nuestra Carta Guanga (digo, por tanto que la han estirado, alargado, recortado y dem\u00e1s)&#8230; hasta [&hellip;]<\/p>\n","protected":false},"author":1,"featured_media":387,"comment_status":"open","ping_status":"open","sticky":false,"template":"","format":"standard","meta":{"_jetpack_memberships_contains_paid_content":false,"footnotes":""},"categories":[11],"tags":[],"class_list":["post-8195","post","type-post","status-publish","format-standard","has-post-thumbnail","hentry","category-opinion"],"jetpack_featured_media_url":"https:\/\/encuentroinformativo.com.mx\/wp-content\/uploads\/2020\/03\/7CF8A22B-2764-47BE-8F7F-38FE9E5D6A2F.jpeg","jetpack_sharing_enabled":true,"jetpack_likes_enabled":true,"amp_enabled":true,"_links":{"self":[{"href":"https:\/\/encuentroinformativo.com.mx\/index.php?rest_route=\/wp\/v2\/posts\/8195","targetHints":{"allow":["GET"]}}],"collection":[{"href":"https:\/\/encuentroinformativo.com.mx\/index.php?rest_route=\/wp\/v2\/posts"}],"about":[{"href":"https:\/\/encuentroinformativo.com.mx\/index.php?rest_route=\/wp\/v2\/types\/post"}],"author":[{"embeddable":true,"href":"https:\/\/encuentroinformativo.com.mx\/index.php?rest_route=\/wp\/v2\/users\/1"}],"replies":[{"embeddable":true,"href":"https:\/\/encuentroinformativo.com.mx\/index.php?rest_route=%2Fwp%2Fv2%2Fcomments&post=8195"}],"version-history":[{"count":1,"href":"https:\/\/encuentroinformativo.com.mx\/index.php?rest_route=\/wp\/v2\/posts\/8195\/revisions"}],"predecessor-version":[{"id":8196,"href":"https:\/\/encuentroinformativo.com.mx\/index.php?rest_route=\/wp\/v2\/posts\/8195\/revisions\/8196"}],"wp:featuredmedia":[{"embeddable":true,"href":"https:\/\/encuentroinformativo.com.mx\/index.php?rest_route=\/wp\/v2\/media\/387"}],"wp:attachment":[{"href":"https:\/\/encuentroinformativo.com.mx\/index.php?rest_route=%2Fwp%2Fv2%2Fmedia&parent=8195"}],"wp:term":[{"taxonomy":"category","embeddable":true,"href":"https:\/\/encuentroinformativo.com.mx\/index.php?rest_route=%2Fwp%2Fv2%2Fcategories&post=8195"},{"taxonomy":"post_tag","embeddable":true,"href":"https:\/\/encuentroinformativo.com.mx\/index.php?rest_route=%2Fwp%2Fv2%2Ftags&post=8195"}],"curies":[{"name":"wp","href":"https:\/\/api.w.org\/{rel}","templated":true}]}}