{"id":8197,"date":"2020-11-19T10:48:54","date_gmt":"2020-11-19T16:48:54","guid":{"rendered":"https:\/\/encuentroinformativo.com.mx\/?p=8197"},"modified":"2020-11-19T10:48:57","modified_gmt":"2020-11-19T16:48:57","slug":"se-reabrira-investigacion-por-asesinato-de-regina-martinez-amlo","status":"publish","type":"post","link":"https:\/\/encuentroinformativo.com.mx\/?p=8197","title":{"rendered":"Se reabrir\u00e1 investigaci\u00f3n por asesinato de Regina Mart\u00ednez: AMLO"},"content":{"rendered":"\n<p><strong>Redacci\u00f3n\u00a0<\/strong><\/p>\n\n\n\n<p>Xalapa, Ver.- El presidente de la Rep\u00fablica, Andr\u00e9s Manuel L\u00f3pez Obrador dio a conocer que la investigaci\u00f3n por el asesinato de la periodista Regina Mart\u00ednez ser\u00e1 reabierto.&nbsp;<\/p>\n\n\n\n<p>Motivo por el cual dijo que buscar\u00e1n que los hechos donde periodistas han sido asesinados no se queden impunes, por lo que afirm\u00f3 que no protege a ning\u00fan grupo de inter\u00e9s.&nbsp;<\/p>\n\n\n\n<p>Durante la conferencia ma\u00f1anera de este jueves, el mandatario federal coment\u00f3: \u201cLe voy a pedir a Alejandro Encinas que aclare la situaci\u00f3n de cada uno de los periodistas que hayan perdido la vida. En qu\u00e9 casos hay detenidos, en qu\u00e9 casos todav\u00eda no se detiene a nadie\u201d.&nbsp;<\/p>\n\n\n\n<p>Que se explique aqu\u00ed lo que se ha hecho, dijo, que venga el subsecretario de Derechos Humanos. En lo que planteas de Regina estoy totalmente de acuerdo, que se busque el procedimiento para reabrir el caso.<\/p>\n\n\n\n<p>-\u00bfEs un compromiso Presidente?<\/p>\n\n\n\n<p>-Es un compromiso. Conoc\u00ed a Regina, me acompa\u00f1\u00f3 en el \u00e9xodo por la democracia, cubri\u00f3 todo nuestro andar, toda nuestra trayectoria en Veracruz, 1990, 91 como reportera de Proceso. La conoc\u00ed muy bien, una periodista incorruptible, profesional. Entonces vemos la forma legal de que se reabra el caso, yo no sab\u00eda que se hubiese cerrado el caso pero si es as\u00ed lo reabrimos y se hace la investigaci\u00f3n a fondo.&nbsp;<\/p>\n\n\n\n<p>L\u00f3pez Obrador calific\u00f3 de lamentables los casos de asesinatos de periodistas que se siguen presentando en todo el pa\u00eds, pero afirm\u00f3 que se trabajar\u00e1 para que los hechos no queden impunes.<\/p>\n","protected":false},"excerpt":{"rendered":"<p>Redacci\u00f3n\u00a0 Xalapa, Ver.- El presidente de la Rep\u00fablica, Andr\u00e9s Manuel L\u00f3pez Obrador dio a conocer que la investigaci\u00f3n por el asesinato de la periodista Regina Mart\u00ednez ser\u00e1 reabierto.&nbsp; Motivo por el cual dijo que buscar\u00e1n que los hechos donde periodistas han sido asesinados no se queden impunes, por lo que afirm\u00f3 que no protege a [&hellip;]<\/p>\n","protected":false},"author":1,"featured_media":8198,"comment_status":"open","ping_status":"open","sticky":false,"template":"","format":"standard","meta":{"_jetpack_memberships_contains_paid_content":false,"footnotes":""},"categories":[2],"tags":[],"class_list":["post-8197","post","type-post","status-publish","format-standard","has-post-thumbnail","hentry","category-estado"],"jetpack_featured_media_url":"https:\/\/encuentroinformativo.com.mx\/wp-content\/uploads\/2020\/11\/96905C65-53AC-41B2-95FC-B738E524F0EB.jpeg","jetpack_sharing_enabled":true,"jetpack_likes_enabled":true,"amp_enabled":true,"_links":{"self":[{"href":"https:\/\/encuentroinformativo.com.mx\/index.php?rest_route=\/wp\/v2\/posts\/8197","targetHints":{"allow":["GET"]}}],"collection":[{"href":"https:\/\/encuentroinformativo.com.mx\/index.php?rest_route=\/wp\/v2\/posts"}],"about":[{"href":"https:\/\/encuentroinformativo.com.mx\/index.php?rest_route=\/wp\/v2\/types\/post"}],"author":[{"embeddable":true,"href":"https:\/\/encuentroinformativo.com.mx\/index.php?rest_route=\/wp\/v2\/users\/1"}],"replies":[{"embeddable":true,"href":"https:\/\/encuentroinformativo.com.mx\/index.php?rest_route=%2Fwp%2Fv2%2Fcomments&post=8197"}],"version-history":[{"count":1,"href":"https:\/\/encuentroinformativo.com.mx\/index.php?rest_route=\/wp\/v2\/posts\/8197\/revisions"}],"predecessor-version":[{"id":8199,"href":"https:\/\/encuentroinformativo.com.mx\/index.php?rest_route=\/wp\/v2\/posts\/8197\/revisions\/8199"}],"wp:featuredmedia":[{"embeddable":true,"href":"https:\/\/encuentroinformativo.com.mx\/index.php?rest_route=\/wp\/v2\/media\/8198"}],"wp:attachment":[{"href":"https:\/\/encuentroinformativo.com.mx\/index.php?rest_route=%2Fwp%2Fv2%2Fmedia&parent=8197"}],"wp:term":[{"taxonomy":"category","embeddable":true,"href":"https:\/\/encuentroinformativo.com.mx\/index.php?rest_route=%2Fwp%2Fv2%2Fcategories&post=8197"},{"taxonomy":"post_tag","embeddable":true,"href":"https:\/\/encuentroinformativo.com.mx\/index.php?rest_route=%2Fwp%2Fv2%2Ftags&post=8197"}],"curies":[{"name":"wp","href":"https:\/\/api.w.org\/{rel}","templated":true}]}}