{"id":8200,"date":"2020-11-19T11:12:06","date_gmt":"2020-11-19T17:12:06","guid":{"rendered":"https:\/\/encuentroinformativo.com.mx\/?p=8200"},"modified":"2020-11-19T11:12:09","modified_gmt":"2020-11-19T17:12:09","slug":"modifican-nombre-a-veracruz-en-la-carta-magna","status":"publish","type":"post","link":"https:\/\/encuentroinformativo.com.mx\/?p=8200","title":{"rendered":"Modifican nombre a Veracruz en la Carta Magna"},"content":{"rendered":"\n<p><strong>Alejandro \u00c1vila<\/strong><\/p>\n\n\n\n<p>Veracruz, Ver.- Finalmente la legisladora federal veracruzana Anil\u00fa Ingram Vallines, logr\u00f3 el objetivo de corregir el nombre del Veracruz en la Constituci\u00f3n Pol\u00edtica, donde se concret\u00f3 este mi\u00e9rcoles por mayor\u00eda en el pleno de la C\u00e1mara de Diputados, quedando ahora como Estado de Veracruz de Ignacio de la Llave.<\/p>\n\n\n\n<p>Cabe recordar que esta lucha comenz\u00f3 hace m\u00e1s de un a\u00f1o, para ser espec\u00edficos el 8 de abril de 2019. Ah\u00ed, junto a su compa\u00f1ero de partido, Rub\u00e9n Moreira Valdez, quien le dio el respaldo a la iniciativa desde el inicio, Ingram Vallines present\u00f3 la reforma al art\u00edculo 43 de la Carta Magna, donde durante a\u00f1os solo apareci\u00f3 como Veracruz.<\/p>\n\n\n\n<p>En su intervenci\u00f3n en el pleno del Congreso, la veracruzana record\u00f3 que el Estado que la vio nacer ha sido cuna de grandes civilizaciones, de hombres y mujeres que dieron su vida por M\u00e9xico; entre los que destaca el General Ignacio de la Llave, gobernador de Veracruz en dos ocasiones.<br>Debido a ello, en 1863 por decreto, se determin\u00f3 que al Estado de Veracruz se le adhiriera su nombre.<\/p>\n\n\n\n<p>\u201cAs\u00ed, desde hace m\u00e1s de 150 a\u00f1os, orgullosamente nos llamamos Veracruz de Ignacio de la Llave. Hoy, con esta reforma aprobada en la C\u00e1mara de Diputados, se honra a este h\u00e9roe y a nuestra entidad\u201d, resalt\u00f3 Ingram Vallines en tribuna.<\/p>\n\n\n\n<p>Veracruz se suma a Coahuila de Zaragoza y Michoac\u00e1n de Ocampo, como la tercera entidad que hace referencia en su nombre a un personaje ilustre del Estado.<\/p>\n\n\n\n<p>\u201cAgradezco a mis compa\u00f1eras y compa\u00f1eros diputados federales por hacer esta reforma al art\u00edculo 43 constitucional, pues enaltece el papel del General en la historia nacional\u201d, remat\u00f3 la veracruzana.<\/p>\n","protected":false},"excerpt":{"rendered":"<p>Alejandro \u00c1vila Veracruz, Ver.- Finalmente la legisladora federal veracruzana Anil\u00fa Ingram Vallines, logr\u00f3 el objetivo de corregir el nombre del Veracruz en la Constituci\u00f3n Pol\u00edtica, donde se concret\u00f3 este mi\u00e9rcoles por mayor\u00eda en el pleno de la C\u00e1mara de Diputados, quedando ahora como Estado de Veracruz de Ignacio de la Llave. Cabe recordar que esta [&hellip;]<\/p>\n","protected":false},"author":1,"featured_media":8201,"comment_status":"open","ping_status":"open","sticky":false,"template":"","format":"standard","meta":{"_jetpack_memberships_contains_paid_content":false,"footnotes":""},"categories":[12],"tags":[],"class_list":["post-8200","post","type-post","status-publish","format-standard","has-post-thumbnail","hentry","category-nacional"],"jetpack_featured_media_url":"https:\/\/encuentroinformativo.com.mx\/wp-content\/uploads\/2020\/11\/0E1D0651-B139-4BB2-ADA4-ADD88A8D66E3.jpeg","jetpack_sharing_enabled":true,"jetpack_likes_enabled":true,"amp_enabled":true,"_links":{"self":[{"href":"https:\/\/encuentroinformativo.com.mx\/index.php?rest_route=\/wp\/v2\/posts\/8200","targetHints":{"allow":["GET"]}}],"collection":[{"href":"https:\/\/encuentroinformativo.com.mx\/index.php?rest_route=\/wp\/v2\/posts"}],"about":[{"href":"https:\/\/encuentroinformativo.com.mx\/index.php?rest_route=\/wp\/v2\/types\/post"}],"author":[{"embeddable":true,"href":"https:\/\/encuentroinformativo.com.mx\/index.php?rest_route=\/wp\/v2\/users\/1"}],"replies":[{"embeddable":true,"href":"https:\/\/encuentroinformativo.com.mx\/index.php?rest_route=%2Fwp%2Fv2%2Fcomments&post=8200"}],"version-history":[{"count":1,"href":"https:\/\/encuentroinformativo.com.mx\/index.php?rest_route=\/wp\/v2\/posts\/8200\/revisions"}],"predecessor-version":[{"id":8202,"href":"https:\/\/encuentroinformativo.com.mx\/index.php?rest_route=\/wp\/v2\/posts\/8200\/revisions\/8202"}],"wp:featuredmedia":[{"embeddable":true,"href":"https:\/\/encuentroinformativo.com.mx\/index.php?rest_route=\/wp\/v2\/media\/8201"}],"wp:attachment":[{"href":"https:\/\/encuentroinformativo.com.mx\/index.php?rest_route=%2Fwp%2Fv2%2Fmedia&parent=8200"}],"wp:term":[{"taxonomy":"category","embeddable":true,"href":"https:\/\/encuentroinformativo.com.mx\/index.php?rest_route=%2Fwp%2Fv2%2Fcategories&post=8200"},{"taxonomy":"post_tag","embeddable":true,"href":"https:\/\/encuentroinformativo.com.mx\/index.php?rest_route=%2Fwp%2Fv2%2Ftags&post=8200"}],"curies":[{"name":"wp","href":"https:\/\/api.w.org\/{rel}","templated":true}]}}