{"id":8203,"date":"2020-11-19T11:26:14","date_gmt":"2020-11-19T17:26:14","guid":{"rendered":"https:\/\/encuentroinformativo.com.mx\/?p=8203"},"modified":"2020-11-19T11:26:16","modified_gmt":"2020-11-19T17:26:16","slug":"reportero-de-los-tuxtlas-pierde-la-batalla-contra-covid-19","status":"publish","type":"post","link":"https:\/\/encuentroinformativo.com.mx\/?p=8203","title":{"rendered":"Reportero de Los Tuxtlas pierde la batalla contra COVID-19"},"content":{"rendered":"\n<p><strong>*Reporteros realizan colecta para apoyar a su esposa.<\/strong><\/p>\n\n\n\n<p><strong>Alejandro \u00c1vila<\/strong><\/p>\n\n\n\n<p>Veeacruz, Ver.- Una persona de caracter fuerte, pero siempre directo y comprometido con la informaci\u00f3n, buscando la nota y tratando de informar de la manera m\u00e1s veraz posible lo sucedido, as\u00ed describen, quienes lo conocieron a Juan Carlos Absal\u00f3n P\u00f3lito.<\/p>\n\n\n\n<p>Un reportero emp\u00edrico, que desarroll\u00f3 un talento para la comunicaci\u00f3n con el d\u00eda a d\u00eda, se consagr\u00f3 como editor del Diario Eyipantla Milenio de San Andr\u00e9s Tuxtla, durante mas de dos d\u00e9cadas.<\/p>\n\n\n\n<p>Fue reportero, dise\u00f1ador, supervisor de prensa y ultimamente, editor desde hace unos 11 a\u00f1os; desde hace a\u00f1os padec\u00eda diabetes y hace unas semanas contrajo COVID-19.<\/p>\n\n\n\n<p>Su esposa, Leydi Jacobo sufre una enfermedad cr\u00f3nica contra la que lucha desde hace varios a\u00f1o, donde desde hace tiempo se encuentra sometiendose a tratamiento de quimioterapia.<\/p>\n\n\n\n<p>Ambos se apoyaban mutuamente, aunque \u00e9l era el sustento de la casa, para todo, por lo que ahora, un grupo de reporteros de la zona, realiza una colecta para poder apoyar a la se\u00f1ora para los gastos funerarios y evidentemente, pueda ella tratarse su enfermedad.<\/p>\n\n\n\n<p>La cuenta a la que solicitan el apoyo es, 4169 1603 7446 2223 de Bancoppel, para quien guste apoyar.&nbsp;<\/p>\n","protected":false},"excerpt":{"rendered":"<p>*Reporteros realizan colecta para apoyar a su esposa. Alejandro \u00c1vila Veeacruz, Ver.- Una persona de caracter fuerte, pero siempre directo y comprometido con la informaci\u00f3n, buscando la nota y tratando de informar de la manera m\u00e1s veraz posible lo sucedido, as\u00ed describen, quienes lo conocieron a Juan Carlos Absal\u00f3n P\u00f3lito. Un reportero emp\u00edrico, que desarroll\u00f3 [&hellip;]<\/p>\n","protected":false},"author":1,"featured_media":8204,"comment_status":"open","ping_status":"open","sticky":false,"template":"","format":"standard","meta":{"_jetpack_memberships_contains_paid_content":false,"footnotes":""},"categories":[2],"tags":[],"class_list":["post-8203","post","type-post","status-publish","format-standard","has-post-thumbnail","hentry","category-estado"],"jetpack_featured_media_url":"https:\/\/encuentroinformativo.com.mx\/wp-content\/uploads\/2020\/11\/7A69C126-2806-4C74-A96C-993DBF9C51BD.jpeg","jetpack_sharing_enabled":true,"jetpack_likes_enabled":true,"amp_enabled":true,"_links":{"self":[{"href":"https:\/\/encuentroinformativo.com.mx\/index.php?rest_route=\/wp\/v2\/posts\/8203","targetHints":{"allow":["GET"]}}],"collection":[{"href":"https:\/\/encuentroinformativo.com.mx\/index.php?rest_route=\/wp\/v2\/posts"}],"about":[{"href":"https:\/\/encuentroinformativo.com.mx\/index.php?rest_route=\/wp\/v2\/types\/post"}],"author":[{"embeddable":true,"href":"https:\/\/encuentroinformativo.com.mx\/index.php?rest_route=\/wp\/v2\/users\/1"}],"replies":[{"embeddable":true,"href":"https:\/\/encuentroinformativo.com.mx\/index.php?rest_route=%2Fwp%2Fv2%2Fcomments&post=8203"}],"version-history":[{"count":1,"href":"https:\/\/encuentroinformativo.com.mx\/index.php?rest_route=\/wp\/v2\/posts\/8203\/revisions"}],"predecessor-version":[{"id":8205,"href":"https:\/\/encuentroinformativo.com.mx\/index.php?rest_route=\/wp\/v2\/posts\/8203\/revisions\/8205"}],"wp:featuredmedia":[{"embeddable":true,"href":"https:\/\/encuentroinformativo.com.mx\/index.php?rest_route=\/wp\/v2\/media\/8204"}],"wp:attachment":[{"href":"https:\/\/encuentroinformativo.com.mx\/index.php?rest_route=%2Fwp%2Fv2%2Fmedia&parent=8203"}],"wp:term":[{"taxonomy":"category","embeddable":true,"href":"https:\/\/encuentroinformativo.com.mx\/index.php?rest_route=%2Fwp%2Fv2%2Fcategories&post=8203"},{"taxonomy":"post_tag","embeddable":true,"href":"https:\/\/encuentroinformativo.com.mx\/index.php?rest_route=%2Fwp%2Fv2%2Ftags&post=8203"}],"curies":[{"name":"wp","href":"https:\/\/api.w.org\/{rel}","templated":true}]}}