{"id":821,"date":"2020-03-12T14:14:34","date_gmt":"2020-03-12T20:14:34","guid":{"rendered":"https:\/\/encuentroinformativo.com\/?p=821"},"modified":"2020-03-12T14:14:36","modified_gmt":"2020-03-12T20:14:36","slug":"con-demanda-de-mayor-seguridad-continua-paro-estudiantil-en-la-normal","status":"publish","type":"post","link":"https:\/\/encuentroinformativo.com.mx\/?p=821","title":{"rendered":"Con demanda de mayor seguridad, contin\u00faa \u201cparo estudiantil\u201d en la Normal"},"content":{"rendered":"\n<p><strong>Juan Arcos <\/strong><\/p>\n\n\n\n<p>Xalapa, Ver.- El paro estudiantil en la Benem\u00e9rita Escuela Normal Veracruzana (BENV) \u201cEnrique C. R\u00e9bsamen\u201d podr\u00eda prolongarse hasta la semana pr\u00f3xima.<\/p>\n\n\n\n<p>De acuerdo con Renata Mart\u00ednez Sol\u00eds, estudiante del cuarto semestre, en una asamblea estudiantil realizada ayer (mi\u00e9rcoles) se acord\u00f3 que el paro de labores seguir\u00eda en la instituci\u00f3n.<\/p>\n\n\n\n<p>La entrevistada indic\u00f3 que la exigencia primordial es que se garantice la seguridad de los alumnos, dentro y fuera del plantel.<\/p>\n\n\n\n<p>Record\u00f3 que se han registrado casos de acoso sexual contra mujeres y hombres por parte de docentes y estudiantes.<\/p>\n\n\n\n<p>Adem\u00e1s, indic\u00f3 que en las inmediaciones del plantel, ubicado entre las avenida Xalapa y Ruiz Cortines, los estudiantes han sido asaltados.<\/p>\n\n\n\n<p>En ocasiones, los j\u00f3venes salen tarde de clases y son vulnerables cuando se dirigen a sus viviendas por la elevada incidencia delictiva que se registra en la ciudad.<\/p>\n\n\n\n<p>\u201cA algunas compa\u00f1eras de mi sal\u00f3n las han seguido, a una compa\u00f1era la asaltaron a la vuelta de la escuela y s\u00ed se han vivido var\u00edas cosas, tanto afuera como adentro de la normal\u201d.<\/p>\n\n\n\n<p>La joven agreg\u00f3 que el paro contin\u00faa siendo indefinido y existe el rumor de que las clases podr\u00edan reanudarse hasta el pr\u00f3ximo martes 17 de marzo.<\/p>\n\n\n\n<p>Los estudiantes que se encontraban en la entrada del edificio para permitir o negar el acceso, manifestaron que esta ma\u00f1ana se llevar\u00eda a cabo una reuni\u00f3n en la Direcci\u00f3n General de Escuelas Normales, donde se presentar\u00eda el pliego petitorio.<\/p>\n\n\n\n<p><\/p>\n","protected":false},"excerpt":{"rendered":"<p>Juan Arcos Xalapa, Ver.- El paro estudiantil en la Benem\u00e9rita Escuela Normal Veracruzana (BENV) \u201cEnrique C. R\u00e9bsamen\u201d podr\u00eda prolongarse hasta la semana pr\u00f3xima. De acuerdo con Renata Mart\u00ednez Sol\u00eds, estudiante del cuarto semestre, en una asamblea estudiantil realizada ayer (mi\u00e9rcoles) se acord\u00f3 que el paro de labores seguir\u00eda en la instituci\u00f3n. La entrevistada indic\u00f3 que [&hellip;]<\/p>\n","protected":false},"author":1,"featured_media":822,"comment_status":"open","ping_status":"open","sticky":false,"template":"","format":"standard","meta":{"_jetpack_memberships_contains_paid_content":false,"footnotes":""},"categories":[3],"tags":[],"class_list":["post-821","post","type-post","status-publish","format-standard","has-post-thumbnail","hentry","category-xalapa"],"jetpack_featured_media_url":"https:\/\/encuentroinformativo.com.mx\/wp-content\/uploads\/2020\/03\/8F5A5F2D-4264-4D69-A1F3-7783B1401040.jpeg","jetpack_sharing_enabled":true,"jetpack_likes_enabled":true,"amp_enabled":true,"_links":{"self":[{"href":"https:\/\/encuentroinformativo.com.mx\/index.php?rest_route=\/wp\/v2\/posts\/821","targetHints":{"allow":["GET"]}}],"collection":[{"href":"https:\/\/encuentroinformativo.com.mx\/index.php?rest_route=\/wp\/v2\/posts"}],"about":[{"href":"https:\/\/encuentroinformativo.com.mx\/index.php?rest_route=\/wp\/v2\/types\/post"}],"author":[{"embeddable":true,"href":"https:\/\/encuentroinformativo.com.mx\/index.php?rest_route=\/wp\/v2\/users\/1"}],"replies":[{"embeddable":true,"href":"https:\/\/encuentroinformativo.com.mx\/index.php?rest_route=%2Fwp%2Fv2%2Fcomments&post=821"}],"version-history":[{"count":1,"href":"https:\/\/encuentroinformativo.com.mx\/index.php?rest_route=\/wp\/v2\/posts\/821\/revisions"}],"predecessor-version":[{"id":823,"href":"https:\/\/encuentroinformativo.com.mx\/index.php?rest_route=\/wp\/v2\/posts\/821\/revisions\/823"}],"wp:featuredmedia":[{"embeddable":true,"href":"https:\/\/encuentroinformativo.com.mx\/index.php?rest_route=\/wp\/v2\/media\/822"}],"wp:attachment":[{"href":"https:\/\/encuentroinformativo.com.mx\/index.php?rest_route=%2Fwp%2Fv2%2Fmedia&parent=821"}],"wp:term":[{"taxonomy":"category","embeddable":true,"href":"https:\/\/encuentroinformativo.com.mx\/index.php?rest_route=%2Fwp%2Fv2%2Fcategories&post=821"},{"taxonomy":"post_tag","embeddable":true,"href":"https:\/\/encuentroinformativo.com.mx\/index.php?rest_route=%2Fwp%2Fv2%2Ftags&post=821"}],"curies":[{"name":"wp","href":"https:\/\/api.w.org\/{rel}","templated":true}]}}