{"id":8216,"date":"2020-11-19T14:45:31","date_gmt":"2020-11-19T20:45:31","guid":{"rendered":"https:\/\/encuentroinformativo.com.mx\/?p=8216"},"modified":"2020-11-19T14:45:33","modified_gmt":"2020-11-19T20:45:33","slug":"van-dos-agresiones-al-periodico-presente","status":"publish","type":"post","link":"https:\/\/encuentroinformativo.com.mx\/?p=8216","title":{"rendered":"Van dos agresiones al peri\u00f3dico Presente"},"content":{"rendered":"\n<p><strong>Juan Arcos <\/strong><\/p>\n\n\n\n<p>Xalapa, Ver.- Un reportero policiaco, de identidad resguardada, fue atacado a balazos la tarde del mi\u00e9rcoles en Poza Rica, municipio ubicado en la zona norte del estado de Veracruz.<\/p>\n\n\n\n<p>Se trata de un trabajador del semanario Presente, quien circulaba a bordo de un veh\u00edculo de la empresa y fue interceptado en la colonia Las Valentinas por un comando que abri\u00f3 fuego en su contra.<\/p>\n\n\n\n<p>El comunicador logr\u00f3 escapar de sus agresores y result\u00f3 ileso; sin embargo, el veh\u00edculo en el que viajaba qued\u00f3 muy da\u00f1ado por m\u00faltiples impactos de bala, calibre 40.<\/p>\n\n\n\n<p>De acuerdo con el due\u00f1o de Presente, Jes\u00fas Villanueva, es el segundo atentado contra este medio de comunicaci\u00f3n que se registra en los \u00faltimos cinco a\u00f1os, pues el 5 de agosto de 2015 fueron incendiados sus veh\u00edculos y sus oficinas, ubicadas en la colonia Manuel \u00c1vila Camacho.<\/p>\n\n\n\n<p>\u201cYo estaba en el peri\u00f3dico Presente cuando recibo una llamada de que uno de los reporteros policiacos lo iban siguiendo en un auto Nissan-March, color blanco, con cuatro sujetos en la colonia Las Valentinas, yo salgo en busca del compa\u00f1ero y otros compa\u00f1eros del peri\u00f3dico, fuimos en busca de \u00e9l, pero el Tsuru ya estaba en un terreno donde \u00e9l alcanz\u00f3 a huir\u201d.<\/p>\n\n\n\n<p>El entrevistado record\u00f3 que el reportero fue alcanzado en un tope, donde uno de los sujetos armados lo quiso obligar a descender de la unidad y forcejearon.<\/p>\n\n\n\n<p>\u201cViene el delincuente, les saca una pistola y les dice: ahora s\u00ed ya se los carg\u00f3 su puta madre. El compa\u00f1ero mete la primera (velocidad), se le escapa ah\u00ed en el tope y le descarga la pistola y llen\u00f3 el carro de plomazos\u201d.<\/p>\n\n\n\n<p>El tambi\u00e9n Director Editorial indic\u00f3 que el peri\u00f3dico Presente ha publicado notas informativas relacionadas con hechos de inseguridad y corrupci\u00f3n en la zona norte de la entidad.<\/p>\n\n\n\n<p>\u201cSospechamos que esto viene porque fue detenida la esposa de un federal de caminos, ahora Guardia Nacional, fue detenida en el Gran Patio (plaza comercial), con una camioneta lujosa, muy cara, tra\u00eda placas sobrepuestas, con reporte de robo, la polic\u00eda estatal la detiene en la plaza. Llega el esposo que se llama Cristian Vargas y se hace de palabras con la polic\u00eda estatal, nosotros trasmitimos eso en vivo, llegaron m\u00e1s federales para reforzar a Cristian Vargas. Esto fue el d\u00eda lunes (16 de noviembre). La mujer no fue detenida y eso lo dimos a saber. Yo creo que por ah\u00ed viene el golpe\u201d.<\/p>\n\n\n\n<p>Cabe mencionar que el reportero policiaco presentar\u00e1 la denuncia penal correspondiente en el Ministerio P\u00fablico de Poza Rica.<\/p>\n","protected":false},"excerpt":{"rendered":"<p>Juan Arcos Xalapa, Ver.- Un reportero policiaco, de identidad resguardada, fue atacado a balazos la tarde del mi\u00e9rcoles en Poza Rica, municipio ubicado en la zona norte del estado de Veracruz. Se trata de un trabajador del semanario Presente, quien circulaba a bordo de un veh\u00edculo de la empresa y fue interceptado en la colonia [&hellip;]<\/p>\n","protected":false},"author":1,"featured_media":8217,"comment_status":"open","ping_status":"open","sticky":false,"template":"","format":"standard","meta":{"_jetpack_memberships_contains_paid_content":false,"footnotes":""},"categories":[14],"tags":[],"class_list":["post-8216","post","type-post","status-publish","format-standard","has-post-thumbnail","hentry","category-policiaca"],"jetpack_featured_media_url":"https:\/\/encuentroinformativo.com.mx\/wp-content\/uploads\/2020\/11\/B2597531-940F-415A-B9E9-9A714627E3D8.jpeg","jetpack_sharing_enabled":true,"jetpack_likes_enabled":true,"amp_enabled":true,"_links":{"self":[{"href":"https:\/\/encuentroinformativo.com.mx\/index.php?rest_route=\/wp\/v2\/posts\/8216","targetHints":{"allow":["GET"]}}],"collection":[{"href":"https:\/\/encuentroinformativo.com.mx\/index.php?rest_route=\/wp\/v2\/posts"}],"about":[{"href":"https:\/\/encuentroinformativo.com.mx\/index.php?rest_route=\/wp\/v2\/types\/post"}],"author":[{"embeddable":true,"href":"https:\/\/encuentroinformativo.com.mx\/index.php?rest_route=\/wp\/v2\/users\/1"}],"replies":[{"embeddable":true,"href":"https:\/\/encuentroinformativo.com.mx\/index.php?rest_route=%2Fwp%2Fv2%2Fcomments&post=8216"}],"version-history":[{"count":1,"href":"https:\/\/encuentroinformativo.com.mx\/index.php?rest_route=\/wp\/v2\/posts\/8216\/revisions"}],"predecessor-version":[{"id":8218,"href":"https:\/\/encuentroinformativo.com.mx\/index.php?rest_route=\/wp\/v2\/posts\/8216\/revisions\/8218"}],"wp:featuredmedia":[{"embeddable":true,"href":"https:\/\/encuentroinformativo.com.mx\/index.php?rest_route=\/wp\/v2\/media\/8217"}],"wp:attachment":[{"href":"https:\/\/encuentroinformativo.com.mx\/index.php?rest_route=%2Fwp%2Fv2%2Fmedia&parent=8216"}],"wp:term":[{"taxonomy":"category","embeddable":true,"href":"https:\/\/encuentroinformativo.com.mx\/index.php?rest_route=%2Fwp%2Fv2%2Fcategories&post=8216"},{"taxonomy":"post_tag","embeddable":true,"href":"https:\/\/encuentroinformativo.com.mx\/index.php?rest_route=%2Fwp%2Fv2%2Ftags&post=8216"}],"curies":[{"name":"wp","href":"https:\/\/api.w.org\/{rel}","templated":true}]}}