{"id":8228,"date":"2020-11-19T16:54:12","date_gmt":"2020-11-19T22:54:12","guid":{"rendered":"https:\/\/encuentroinformativo.com.mx\/?p=8228"},"modified":"2020-11-19T16:54:15","modified_gmt":"2020-11-19T22:54:15","slug":"repunta-paso-de-migrantes-por-veracruz","status":"publish","type":"post","link":"https:\/\/encuentroinformativo.com.mx\/?p=8228","title":{"rendered":"Repunta paso de migrantes por Veracruz"},"content":{"rendered":"\n<p><strong>Juan Arcos <\/strong><\/p>\n\n\n\n<p>Xalapa, Ver.- El flujo migratorio en el estado de Veracruz ha repuntado 50 por ciento, durante los \u00faltimos d\u00edas, revel\u00f3 el director general de Atenci\u00f3n a Migrantes en Veracruz, Carlos Enrique Escalante Igual.<\/p>\n\n\n\n<p>El funcionario estatal record\u00f3 que el paso de migrantes disminuy\u00f3 hasta 95 por ciento, debido a la pandemia del SARS-COV-2 (COVID-19).<\/p>\n\n\n\n<p>Sin embargo, detall\u00f3 que recientemente ha incrementado el n\u00famero de migrantes centroamericanos que llegan a la Estaci\u00f3n Migratoria de Acayucan, ubicada en la zona sur de la entidad.<\/p>\n\n\n\n<p>Se trata de personas que provienen de Honduras, El Salvador, Guatemala y otros pa\u00edses, quienes han sido detectados por autoridades estatales y federales a su paso por territorio veracruzano.<\/p>\n\n\n\n<p>\u201cSab\u00edamos que iba nuevamente a empezar a reactivarse y ahorita, no hay una explicaci\u00f3n, pero se han destensado en cuesti\u00f3n del Covid.<\/p>\n\n\n\n<p>Y por la necesidad econ\u00f3mica los obliga a buscar una mejor forma de vivir y est\u00e1 ocasionando que s\u00ed se empiece a incrementar, aunque no es un crecimiento exponencial\u201d.<\/p>\n\n\n\n<p>Cuando Veracruz se encontraba en sem\u00e1foro epidemiol\u00f3gico color rojo, de riesgo m\u00e1ximo de contagio, se recib\u00eda en la Estaci\u00f3n Migratoria a entre 30 o 50 migrantes al d\u00eda, cifra que se ha duplicado recientemente.\u00a0<\/p>\n\n\n\n<p>No obstante, hasta el momento, no se han alcanzado las cifras registradas el a\u00f1o pasado, cuando hab\u00eda hasta 2 mil 500 personas al d\u00eda en la Estaci\u00f3n Migratoria.<\/p>\n\n\n\n<p>\u201cComo lo hemos visto el Instituto Nacional de Migraci\u00f3n hace detenciones en camiones, vienen menores, vienen familias completas\u201d.<\/p>\n\n\n\n<p>Cabe recordar que la Secretar\u00eda de Seguridad P\u00fablica (SSP) inform\u00f3 el mi\u00e9rcoles 18 de noviembre que resguard\u00f3 a 105 indocumentados en el municipio de Minatitl\u00e1n, entre ellos 16 mujeres y siete menores de edad, provenientes de Guatemala.<\/p>\n","protected":false},"excerpt":{"rendered":"<p>Juan Arcos Xalapa, Ver.- El flujo migratorio en el estado de Veracruz ha repuntado 50 por ciento, durante los \u00faltimos d\u00edas, revel\u00f3 el director general de Atenci\u00f3n a Migrantes en Veracruz, Carlos Enrique Escalante Igual. El funcionario estatal record\u00f3 que el paso de migrantes disminuy\u00f3 hasta 95 por ciento, debido a la pandemia del SARS-COV-2 [&hellip;]<\/p>\n","protected":false},"author":1,"featured_media":8229,"comment_status":"open","ping_status":"open","sticky":false,"template":"","format":"standard","meta":{"_jetpack_memberships_contains_paid_content":false,"footnotes":""},"categories":[2],"tags":[],"class_list":["post-8228","post","type-post","status-publish","format-standard","has-post-thumbnail","hentry","category-estado"],"jetpack_featured_media_url":"https:\/\/encuentroinformativo.com.mx\/wp-content\/uploads\/2020\/11\/A9839D0A-9D01-4DD4-B143-20F4801A1873.jpeg","jetpack_sharing_enabled":true,"jetpack_likes_enabled":true,"amp_enabled":true,"_links":{"self":[{"href":"https:\/\/encuentroinformativo.com.mx\/index.php?rest_route=\/wp\/v2\/posts\/8228","targetHints":{"allow":["GET"]}}],"collection":[{"href":"https:\/\/encuentroinformativo.com.mx\/index.php?rest_route=\/wp\/v2\/posts"}],"about":[{"href":"https:\/\/encuentroinformativo.com.mx\/index.php?rest_route=\/wp\/v2\/types\/post"}],"author":[{"embeddable":true,"href":"https:\/\/encuentroinformativo.com.mx\/index.php?rest_route=\/wp\/v2\/users\/1"}],"replies":[{"embeddable":true,"href":"https:\/\/encuentroinformativo.com.mx\/index.php?rest_route=%2Fwp%2Fv2%2Fcomments&post=8228"}],"version-history":[{"count":1,"href":"https:\/\/encuentroinformativo.com.mx\/index.php?rest_route=\/wp\/v2\/posts\/8228\/revisions"}],"predecessor-version":[{"id":8230,"href":"https:\/\/encuentroinformativo.com.mx\/index.php?rest_route=\/wp\/v2\/posts\/8228\/revisions\/8230"}],"wp:featuredmedia":[{"embeddable":true,"href":"https:\/\/encuentroinformativo.com.mx\/index.php?rest_route=\/wp\/v2\/media\/8229"}],"wp:attachment":[{"href":"https:\/\/encuentroinformativo.com.mx\/index.php?rest_route=%2Fwp%2Fv2%2Fmedia&parent=8228"}],"wp:term":[{"taxonomy":"category","embeddable":true,"href":"https:\/\/encuentroinformativo.com.mx\/index.php?rest_route=%2Fwp%2Fv2%2Fcategories&post=8228"},{"taxonomy":"post_tag","embeddable":true,"href":"https:\/\/encuentroinformativo.com.mx\/index.php?rest_route=%2Fwp%2Fv2%2Ftags&post=8228"}],"curies":[{"name":"wp","href":"https:\/\/api.w.org\/{rel}","templated":true}]}}