{"id":8234,"date":"2020-11-19T17:34:46","date_gmt":"2020-11-19T23:34:46","guid":{"rendered":"https:\/\/encuentroinformativo.com.mx\/?p=8234"},"modified":"2020-11-19T17:34:49","modified_gmt":"2020-11-19T23:34:49","slug":"movimiento-magisterial-pide-aclarar-presunto-atentado-contra-su-lider","status":"publish","type":"post","link":"https:\/\/encuentroinformativo.com.mx\/?p=8234","title":{"rendered":"Movimiento Magisterial pide aclarar presunto atentado contra su l\u00edder"},"content":{"rendered":"\n<p><strong>Juan Arcos <\/strong><\/p>\n\n\n\n<p>Xalapa, Ver.- Integrantes del Movimiento Magisterial Popular Veracruzano (MMPV) protestaron frente a Palacio de Gobierno, para exigir el esclarecimiento del accidente registrado el pasado 12 de noviembre, donde su secretario general Daniel Hern\u00e1ndez del \u00c1ngel y otros cinco compa\u00f1eros resultaron lesionados.<\/p>\n\n\n\n<p>De acuerdo con Jacinto Jes\u00fas Alfaro Rodr\u00edguez, integrante del MMPV, el percance vial sobre la carretera Xalapa-Veracruz, a la altura de El Lencero, ocurri\u00f3 porque sujetos desconocidos pretend\u00edan obligar a su l\u00edder, quien conduc\u00eda la camioneta, a que se detuviera.<\/p>\n\n\n\n<p>El entrevistado consider\u00f3 que se trat\u00f3 de un atentado contra la vida de los seis profesores que se dirig\u00edan a la protesta, que se llevaba a cabo en las oficinas centrales de la Secretar\u00eda de Educaci\u00f3n de Veracruz (SEV).<\/p>\n\n\n\n<p>Tambi\u00e9n coment\u00f3 que Hern\u00e1ndez del \u00c1ngel fue quien result\u00f3 m\u00e1s herido por el accidente, toda vez que se le desprendi\u00f3 parte del cuero cabelludo y requer\u00eda intervenci\u00f3n quir\u00fargica.\u00a0<br>Confirm\u00f3 que fue trasladado a la cl\u00ednica 11 del Instituto Mexicano del Seguro Social (IMSS), en Xalapa, donde fue atendido y posteriormente pretend\u00edan reubicarlo en el \u00e1rea COVID-19 del hospital, pese a que el docente ingres\u00f3 sin s\u00edntomas del virus SARS-COV-2.<\/p>\n\n\n\n<p>Una comisi\u00f3n del MMPV ingres\u00f3 a Palacio de Gobierno para exigir la destituci\u00f3n del titular de la SEV, Zenyazen Escobar Garc\u00eda, a quien responsabilizan del atentado contra el l\u00edder del MMPV.<\/p>\n\n\n\n<p>Adem\u00e1s, pidieron que se proceda legalmente contra las financieras \u201cusureras\u201d que contin\u00faan operando con anomal\u00edas en perjuicio de los profesores, al realizar descuentos excesivos v\u00eda n\u00f3mina.<\/p>\n\n\n\n<p>Los integrantes del MMPV amagaron con continuar las protestas para exigir justicia para su l\u00edder y que cesen las irregularidades al interior de la SEV.<\/p>\n\n\n\n<p>Cabe mencionar que Daniel Hern\u00e1ndez del \u00c1ngel fue trasladado del la cl\u00ednica 11 a un hospital particular, para continuar con su recuperaci\u00f3n.<\/p>\n","protected":false},"excerpt":{"rendered":"<p>Juan Arcos Xalapa, Ver.- Integrantes del Movimiento Magisterial Popular Veracruzano (MMPV) protestaron frente a Palacio de Gobierno, para exigir el esclarecimiento del accidente registrado el pasado 12 de noviembre, donde su secretario general Daniel Hern\u00e1ndez del \u00c1ngel y otros cinco compa\u00f1eros resultaron lesionados. De acuerdo con Jacinto Jes\u00fas Alfaro Rodr\u00edguez, integrante del MMPV, el percance [&hellip;]<\/p>\n","protected":false},"author":1,"featured_media":8235,"comment_status":"open","ping_status":"open","sticky":false,"template":"","format":"standard","meta":{"_jetpack_memberships_contains_paid_content":false,"footnotes":""},"categories":[3],"tags":[],"class_list":["post-8234","post","type-post","status-publish","format-standard","has-post-thumbnail","hentry","category-xalapa"],"jetpack_featured_media_url":"https:\/\/encuentroinformativo.com.mx\/wp-content\/uploads\/2020\/11\/F2F82419-9AF5-4FAD-9BE3-9B5B4B42294B.jpeg","jetpack_sharing_enabled":true,"jetpack_likes_enabled":true,"amp_enabled":true,"_links":{"self":[{"href":"https:\/\/encuentroinformativo.com.mx\/index.php?rest_route=\/wp\/v2\/posts\/8234","targetHints":{"allow":["GET"]}}],"collection":[{"href":"https:\/\/encuentroinformativo.com.mx\/index.php?rest_route=\/wp\/v2\/posts"}],"about":[{"href":"https:\/\/encuentroinformativo.com.mx\/index.php?rest_route=\/wp\/v2\/types\/post"}],"author":[{"embeddable":true,"href":"https:\/\/encuentroinformativo.com.mx\/index.php?rest_route=\/wp\/v2\/users\/1"}],"replies":[{"embeddable":true,"href":"https:\/\/encuentroinformativo.com.mx\/index.php?rest_route=%2Fwp%2Fv2%2Fcomments&post=8234"}],"version-history":[{"count":1,"href":"https:\/\/encuentroinformativo.com.mx\/index.php?rest_route=\/wp\/v2\/posts\/8234\/revisions"}],"predecessor-version":[{"id":8236,"href":"https:\/\/encuentroinformativo.com.mx\/index.php?rest_route=\/wp\/v2\/posts\/8234\/revisions\/8236"}],"wp:featuredmedia":[{"embeddable":true,"href":"https:\/\/encuentroinformativo.com.mx\/index.php?rest_route=\/wp\/v2\/media\/8235"}],"wp:attachment":[{"href":"https:\/\/encuentroinformativo.com.mx\/index.php?rest_route=%2Fwp%2Fv2%2Fmedia&parent=8234"}],"wp:term":[{"taxonomy":"category","embeddable":true,"href":"https:\/\/encuentroinformativo.com.mx\/index.php?rest_route=%2Fwp%2Fv2%2Fcategories&post=8234"},{"taxonomy":"post_tag","embeddable":true,"href":"https:\/\/encuentroinformativo.com.mx\/index.php?rest_route=%2Fwp%2Fv2%2Ftags&post=8234"}],"curies":[{"name":"wp","href":"https:\/\/api.w.org\/{rel}","templated":true}]}}