{"id":8249,"date":"2020-11-20T08:54:00","date_gmt":"2020-11-20T14:54:00","guid":{"rendered":"https:\/\/encuentroinformativo.com.mx\/?p=8249"},"modified":"2020-11-20T08:54:03","modified_gmt":"2020-11-20T14:54:03","slug":"carbonell-colosio-pepe-y-amlo","status":"publish","type":"post","link":"https:\/\/encuentroinformativo.com.mx\/?p=8249","title":{"rendered":"Carbonell, Colosio, Pepe y AMLO"},"content":{"rendered":"\n<p><strong>Los Pol\u00edticos<\/strong><\/p>\n\n\n\n<p><strong>Salvador Mu\u00f1oz<\/strong><\/p>\n\n\n\n<p>Frente a ellos, pasa una camioneta que los deja boquiabiertos. Uno de ellos dice: \u201c\u00bfViste? El pol\u00edtico estrenando Hummer \u00a1y nosotros cada vez m\u00e1s amolados!\u201d Su compa\u00f1ero de mesa, pues est\u00e1n tomando cafecito, le responde: \u201cEstar\u00edamos mejor con L\u00f3pez Obrador\u201d. \u00bfSe acuerda de ese spot? A ojo de buen cubero, ha de tener m\u00e1s de una d\u00e9cada que lo conocimos.<\/p>\n\n\n\n<p>Record\u00e9 esto porque al inicio de semana tuve oportunidad de conocer personalmente a Luis Carbonell de la Hoz. Digo \u201cpersonalmente\u201d porque ten\u00eda referencias de \u00e9l desde hace algunos a\u00f1os y porque su apellido no escapa tan f\u00e1cilmente al bagaje que acompa\u00f1a a quienes gustan de la pol\u00edtica\u2026<\/p>\n\n\n\n<p>As\u00ed es\u2026 viene siendo nieto de don Manuel Carbonell de la Hoz, una leyenda de la pol\u00edtica veracruzana que si se habla de \u00e9l, es hablar de lealtad, honestidad, y sobre todo, servicio no s\u00f3lo a las instituciones, sino al pueblo veracruzano\u2026 a los j\u00f3venes.<\/p>\n\n\n\n<p>El otro lado de la moneda: al hablar de don Manuel es inherente no recordar esa famosa expresi\u00f3n que dio lugar a que su Leyenda creciera m\u00e1s: \u00a1El Carbonellazo! Redundar sobre esa historia que fue matizada con una frase de otro gran pol\u00edtico veracruzano, como fue Jes\u00fas Reyes Heroles: \u201ccomo veracruzano yo no he votado por \u00e9l\u201d, ni al caso&#8230;<\/p>\n\n\n\n<p>\u00bfY por qu\u00e9 trajimos a la mesa de un caf\u00e9 a Don Manuel, muy aparte del parentesco con Luis? Por un dejo de nostalgia por algo que llamamos \u201cLo que pudo haber sido y no fue\u201d.<\/p>\n\n\n\n<p>Todo el talento de un pol\u00edtico que si no mal recuerdo, desde la subsecretar\u00eda de Gobierno, mostr\u00f3 para Veracruz, no lo pudo reflejar como Gobernador y muchos de sus seguidores se quedaron con esa espinita de \u201clo que pudo haber sido y no fue\u201d.<\/p>\n\n\n\n<p>En la mesa encontramos otro caso singular pero llevado al escenario nacional con Luis Donaldo Colosio. El magnicidio de este pol\u00edtico forj\u00f3 una leyenda que se acompa\u00f1a con parte de un discurso: \u201cYo veo un M\u00e9xico con hambre y con sed de justicia. Un M\u00e9xico de gente agraviada por las distorsiones que imponen a la Ley quienes deber\u00edan de servirla\u201d.<\/p>\n\n\n\n<p>En M\u00e9xico, muchos ciudadanos ven en esta figura a alguien especial y al igual que con Carbonell de la Hoz, se mantiene esa inquietud que el maldito \u201cSi hubiera\u201d logra\u2026 s\u00ed, un M\u00e9xico que tambi\u00e9n fue alcanzado por el \u201clo que pudo haber sido y no fue\u201d con Colosio.<\/p>\n\n\n\n<p>Coincidimos en varios puntos con Luis Carbonell (quien por cierto es delegado nacional en Veracruz por Movimiento Ciudadano) pero m\u00e1s en los que se refieren a Xalapa y tambi\u00e9n Veracruz. La percepci\u00f3n es una gran ausencia de trabajo, de visi\u00f3n, de proyecci\u00f3n, y por ende, hasta cierto punto, de tristeza, porque no se alcanza a ver el Veracruz que uno quisiera\u2026 sin querer, saco a relucir a Pepe Yunes\u2026 un buen candidato, que si me disculpan los Chiquislevers, superaba en estatura pol\u00edtica al candidato panista y por ende, al de Morena\u2026 le digo que la Gracia es lo \u00fanico que el Se\u00f1or concede, no se gana. En pol\u00edtica, el poder igual no se concede, se tiene que ganar (o arrebatar, me complementa)&#8230; Mi idea era perfecta, hasta que llegaron algunos de Morena: sin tener gracia, se les concedi\u00f3 el Poder\u2026 y entonces imagin\u00e9 a Pepe Yunes como Gobernador\u2026 s\u00ed, ca\u00ed en el \u201clo que pudo haber sido y no fue\u201d, pero eso, por el momento, no lo sabremos porque no s\u00e9 si alg\u00fan d\u00eda salga de su ostracismo pol\u00edtico e intente de nuevo ser candidato a tal cargo\u2026 como tampoco supimos lo que pudo haber hecho Manuel Carbonell y menos, hasta d\u00f3nde pudo haber llegado Colosio\u2026<\/p>\n\n\n\n<p>Lo que s\u00ed podemos responder con una tranquilidad y con el pulso de nuestro entorno, de nuestra realidad, de nuestra percepci\u00f3n social, es a la afirmaci\u00f3n que en ese spot se hac\u00edan dos j\u00f3venes con el \u201cEstar\u00edamos mejor con L\u00f3pez Obrador\u201d. Quiz\u00e1s la respuesta a ello s\u00f3lo se dar\u00eda agregando unos signos y cambiando el verbo: \u201c\u00bfEstamos mejor con L\u00f3pez Obrador? \u00bfEstamos mejor con L\u00f3pez Obrador?\u201d<\/p>\n\n\n\n<p>Por lo pronto, qu\u00e9 gusto conocer a Luis Carbonell\u2026 es seguro que en su momento, tenga oportunidad de platicar con Luis Donaldo Colosio Riojas sobre \u201cLo que pudo haber sido y no fue\u201d y la oportunidad que tienen ellos de darle un&nbsp; nuevo matiz a la historia de sus apellidos.<\/p>\n\n\n\n<p><a href=\"mailto:smcainito@gmail.com\" target=\"_blank\" rel=\"noreferrer noopener\">smcainito@gmail.com<\/a><\/p>\n","protected":false},"excerpt":{"rendered":"<p>Los Pol\u00edticos Salvador Mu\u00f1oz Frente a ellos, pasa una camioneta que los deja boquiabiertos. Uno de ellos dice: \u201c\u00bfViste? El pol\u00edtico estrenando Hummer \u00a1y nosotros cada vez m\u00e1s amolados!\u201d Su compa\u00f1ero de mesa, pues est\u00e1n tomando cafecito, le responde: \u201cEstar\u00edamos mejor con L\u00f3pez Obrador\u201d. \u00bfSe acuerda de ese spot? A ojo de buen cubero, ha [&hellip;]<\/p>\n","protected":false},"author":1,"featured_media":387,"comment_status":"open","ping_status":"open","sticky":false,"template":"","format":"standard","meta":{"_jetpack_memberships_contains_paid_content":false,"footnotes":""},"categories":[11],"tags":[],"class_list":["post-8249","post","type-post","status-publish","format-standard","has-post-thumbnail","hentry","category-opinion"],"jetpack_featured_media_url":"https:\/\/encuentroinformativo.com.mx\/wp-content\/uploads\/2020\/03\/7CF8A22B-2764-47BE-8F7F-38FE9E5D6A2F.jpeg","jetpack_sharing_enabled":true,"jetpack_likes_enabled":true,"amp_enabled":true,"_links":{"self":[{"href":"https:\/\/encuentroinformativo.com.mx\/index.php?rest_route=\/wp\/v2\/posts\/8249","targetHints":{"allow":["GET"]}}],"collection":[{"href":"https:\/\/encuentroinformativo.com.mx\/index.php?rest_route=\/wp\/v2\/posts"}],"about":[{"href":"https:\/\/encuentroinformativo.com.mx\/index.php?rest_route=\/wp\/v2\/types\/post"}],"author":[{"embeddable":true,"href":"https:\/\/encuentroinformativo.com.mx\/index.php?rest_route=\/wp\/v2\/users\/1"}],"replies":[{"embeddable":true,"href":"https:\/\/encuentroinformativo.com.mx\/index.php?rest_route=%2Fwp%2Fv2%2Fcomments&post=8249"}],"version-history":[{"count":1,"href":"https:\/\/encuentroinformativo.com.mx\/index.php?rest_route=\/wp\/v2\/posts\/8249\/revisions"}],"predecessor-version":[{"id":8250,"href":"https:\/\/encuentroinformativo.com.mx\/index.php?rest_route=\/wp\/v2\/posts\/8249\/revisions\/8250"}],"wp:featuredmedia":[{"embeddable":true,"href":"https:\/\/encuentroinformativo.com.mx\/index.php?rest_route=\/wp\/v2\/media\/387"}],"wp:attachment":[{"href":"https:\/\/encuentroinformativo.com.mx\/index.php?rest_route=%2Fwp%2Fv2%2Fmedia&parent=8249"}],"wp:term":[{"taxonomy":"category","embeddable":true,"href":"https:\/\/encuentroinformativo.com.mx\/index.php?rest_route=%2Fwp%2Fv2%2Fcategories&post=8249"},{"taxonomy":"post_tag","embeddable":true,"href":"https:\/\/encuentroinformativo.com.mx\/index.php?rest_route=%2Fwp%2Fv2%2Ftags&post=8249"}],"curies":[{"name":"wp","href":"https:\/\/api.w.org\/{rel}","templated":true}]}}