{"id":8259,"date":"2020-11-20T11:59:19","date_gmt":"2020-11-20T17:59:19","guid":{"rendered":"https:\/\/encuentroinformativo.com.mx\/?p=8259"},"modified":"2020-11-20T11:59:22","modified_gmt":"2020-11-20T17:59:22","slug":"gozamos-de-salud-financiera-lima-franco","status":"publish","type":"post","link":"https:\/\/encuentroinformativo.com.mx\/?p=8259","title":{"rendered":"Gozamos de salud financiera: Lima Franco"},"content":{"rendered":"\n<p><strong>Redacci\u00f3n<\/strong>\u00a0<\/p>\n\n\n\n<p>Xalapa, Ver.- Para atender la pandemia por Covid-19 en el territorio veracruzano se destin\u00f3 un presupuesto adicional superior a los 900 millones de pesos al sector salud, as\u00ed lo dio a conocer Jos\u00e9 Luis Lima Franco titular de la Secretar\u00eda de Finanzas y Planeaci\u00f3n (Sefiplan).&nbsp;<\/p>\n\n\n\n<p>Durante su comparecencia en el Congreso del Estado, el secretario de despacho se\u00f1al\u00f3 que fueron 943 millones de pesos el monto de ampliaci\u00f3n presupuestal que se destin\u00f3 al sector Salud para atender todo lo relacionado a la pandemia generada por Covid.&nbsp;<\/p>\n\n\n\n<p>Adem\u00e1s de la supervisi\u00f3n y adecuaci\u00f3n a los espacios que se destinaron como centros Covid para atender a la poblaci\u00f3n.&nbsp;<\/p>\n\n\n\n<p>Sin embargo, afirm\u00f3 que debido a la buena administraci\u00f3n y manejo de las finanzas del estado \u201cgozamos de salud financiera\u201d, enfatiz\u00f3.<\/p>\n\n\n\n<p><strong>Caso Proveedores<\/strong><\/p>\n\n\n\n<p>Del mismo modo, Lima Franco afirm\u00f3 que la dependencia a su cargo est\u00e1 atendiendo los pendientes que les fueron heredados con proveedores, por lo que dijo que durante este segundo a\u00f1o han seguido pagando deudas que les fueron heredadas.&nbsp;<\/p>\n\n\n\n<p>\u201cFueron actos de incumplimiento al sector productivo, este es el segundo a\u00f1o y seguimos cumpliendo y pagando deudas que nos heredaron. El da\u00f1o que hicieron fue doble, no pagaron y tampoco dejaron documentaci\u00f3n de los pendientes a proveedores\u201d, puntualiz\u00f3.&nbsp;<\/p>\n","protected":false},"excerpt":{"rendered":"<p>Redacci\u00f3n\u00a0 Xalapa, Ver.- Para atender la pandemia por Covid-19 en el territorio veracruzano se destin\u00f3 un presupuesto adicional superior a los 900 millones de pesos al sector salud, as\u00ed lo dio a conocer Jos\u00e9 Luis Lima Franco titular de la Secretar\u00eda de Finanzas y Planeaci\u00f3n (Sefiplan).&nbsp; Durante su comparecencia en el Congreso del Estado, el [&hellip;]<\/p>\n","protected":false},"author":1,"featured_media":8260,"comment_status":"open","ping_status":"open","sticky":false,"template":"","format":"standard","meta":{"_jetpack_memberships_contains_paid_content":false,"footnotes":""},"categories":[2],"tags":[],"class_list":["post-8259","post","type-post","status-publish","format-standard","has-post-thumbnail","hentry","category-estado"],"jetpack_featured_media_url":"https:\/\/encuentroinformativo.com.mx\/wp-content\/uploads\/2020\/11\/E386CB73-69CF-4843-9E67-7EB0557C5DC8.jpeg","jetpack_sharing_enabled":true,"jetpack_likes_enabled":true,"amp_enabled":true,"_links":{"self":[{"href":"https:\/\/encuentroinformativo.com.mx\/index.php?rest_route=\/wp\/v2\/posts\/8259","targetHints":{"allow":["GET"]}}],"collection":[{"href":"https:\/\/encuentroinformativo.com.mx\/index.php?rest_route=\/wp\/v2\/posts"}],"about":[{"href":"https:\/\/encuentroinformativo.com.mx\/index.php?rest_route=\/wp\/v2\/types\/post"}],"author":[{"embeddable":true,"href":"https:\/\/encuentroinformativo.com.mx\/index.php?rest_route=\/wp\/v2\/users\/1"}],"replies":[{"embeddable":true,"href":"https:\/\/encuentroinformativo.com.mx\/index.php?rest_route=%2Fwp%2Fv2%2Fcomments&post=8259"}],"version-history":[{"count":1,"href":"https:\/\/encuentroinformativo.com.mx\/index.php?rest_route=\/wp\/v2\/posts\/8259\/revisions"}],"predecessor-version":[{"id":8261,"href":"https:\/\/encuentroinformativo.com.mx\/index.php?rest_route=\/wp\/v2\/posts\/8259\/revisions\/8261"}],"wp:featuredmedia":[{"embeddable":true,"href":"https:\/\/encuentroinformativo.com.mx\/index.php?rest_route=\/wp\/v2\/media\/8260"}],"wp:attachment":[{"href":"https:\/\/encuentroinformativo.com.mx\/index.php?rest_route=%2Fwp%2Fv2%2Fmedia&parent=8259"}],"wp:term":[{"taxonomy":"category","embeddable":true,"href":"https:\/\/encuentroinformativo.com.mx\/index.php?rest_route=%2Fwp%2Fv2%2Fcategories&post=8259"},{"taxonomy":"post_tag","embeddable":true,"href":"https:\/\/encuentroinformativo.com.mx\/index.php?rest_route=%2Fwp%2Fv2%2Ftags&post=8259"}],"curies":[{"name":"wp","href":"https:\/\/api.w.org\/{rel}","templated":true}]}}