{"id":8262,"date":"2020-11-20T13:24:38","date_gmt":"2020-11-20T19:24:38","guid":{"rendered":"https:\/\/encuentroinformativo.com.mx\/?p=8262"},"modified":"2020-11-20T22:54:56","modified_gmt":"2020-11-21T04:54:56","slug":"derrapa-taxi-en-bulevar-fidel-velazquez-pasajera-pierde-la-vida","status":"publish","type":"post","link":"https:\/\/encuentroinformativo.com.mx\/?p=8262","title":{"rendered":"Derrapa taxi en bulevar Fidel Vel\u00e1zquez, pasajera pierde la vida"},"content":{"rendered":"\n<p><strong>Alejandro \u00c1vila<\/strong><\/p>\n\n\n\n<p><strong>Fotos:<\/strong> Wilber V\u00e1squez<\/p>\n\n\n\n<p>Veracruz, Ver.- La ma\u00f1ana de este viernes un autom\u00f3vil de renta, modalidad taxi, derrap\u00f3 en el bulevar Fidel Vel\u00e1zquez a la altura de los Juzgados y se impact\u00f3 contra un \u00e1rbol que se encuentra en el camell\u00f3n, una de las pasajeras perdi\u00f3 la vida tras el siniestro.<\/p>\n\n\n\n<p>La unidad marcada con el n\u00famero 161 y que conduc\u00eda H\u00e9ctor Ernesto, se presume ven\u00eda a alta velocidad, por lo que al tomar la curva a la altura de los Juzgados en direcci\u00f3n sur a norte, perdi\u00f3 el control de la unidad debido a que el pavimento estaba mojado por la lluvia de la ma\u00f1ana, y momentos despu\u00e9s se impact\u00f3 contra un \u00e1rbol dejando a otra pasajera m\u00e1s herida, quien responde al nombre de Roc\u00edo Murrieta de 53 a\u00f1os, quien fue llevada a un hospital privado para sus atenciones.<\/p>\n\n\n\n<p>El veh\u00edculo Nissan modelo Versa con sitio en la localidad de Mandinga, municipio de Alvarado, mismo que hac\u00eda base en la central de autobuses ADO en la avenida Salvador D\u00edaz Mir\u00f3n; se presume seg\u00fan algunos reportes que se trataba de un taxi que hab\u00eda hecho una \u201ccarrera\u201d colectiva para llevar a 3 mujeres a la ciudad de Xalapa, dos de ellas resultaron con lesiones menores.<\/p>\n\n\n\n<p>La persona finada ven\u00eda en el asiento trasero y hasta el momento se desconocen sus datos generales, mientras que las dos mujeres lesionadas fueron atendidas por param\u00e9dicos de la Cruz Roja, y una de ellas trasladada a un hospital privado; elementos de la Polic\u00eda Naval arribaron al lugar y tomaron los datos y declaraci\u00f3n del chofer que conduc\u00eda la unidad 161 del servicio de taxi.<\/p>\n\n\n\n<figure class=\"wp-block-image size-large\"><img loading=\"lazy\" decoding=\"async\" width=\"1024\" height=\"768\" src=\"https:\/\/encuentroinformativo.com.mx\/wp-content\/uploads\/2020\/11\/FDD815C6-8C63-4CCE-80BF-D8FD7D8F05EB-1024x768.jpeg\" alt=\"\" class=\"wp-image-8264\" srcset=\"https:\/\/encuentroinformativo.com.mx\/wp-content\/uploads\/2020\/11\/FDD815C6-8C63-4CCE-80BF-D8FD7D8F05EB-1024x768.jpeg 1024w, https:\/\/encuentroinformativo.com.mx\/wp-content\/uploads\/2020\/11\/FDD815C6-8C63-4CCE-80BF-D8FD7D8F05EB-300x225.jpeg 300w, https:\/\/encuentroinformativo.com.mx\/wp-content\/uploads\/2020\/11\/FDD815C6-8C63-4CCE-80BF-D8FD7D8F05EB-768x576.jpeg 768w, https:\/\/encuentroinformativo.com.mx\/wp-content\/uploads\/2020\/11\/FDD815C6-8C63-4CCE-80BF-D8FD7D8F05EB.jpeg 1280w\" sizes=\"auto, (max-width: 1024px) 100vw, 1024px\" \/><\/figure>\n","protected":false},"excerpt":{"rendered":"<p>Alejandro \u00c1vila Fotos: Wilber V\u00e1squez Veracruz, Ver.- La ma\u00f1ana de este viernes un autom\u00f3vil de renta, modalidad taxi, derrap\u00f3 en el bulevar Fidel Vel\u00e1zquez a la altura de los Juzgados y se impact\u00f3 contra un \u00e1rbol que se encuentra en el camell\u00f3n, una de las pasajeras perdi\u00f3 la vida tras el siniestro. La unidad marcada [&hellip;]<\/p>\n","protected":false},"author":1,"featured_media":8263,"comment_status":"open","ping_status":"open","sticky":false,"template":"","format":"standard","meta":{"_jetpack_memberships_contains_paid_content":false,"footnotes":""},"categories":[14],"tags":[],"class_list":["post-8262","post","type-post","status-publish","format-standard","has-post-thumbnail","hentry","category-policiaca"],"jetpack_featured_media_url":"https:\/\/encuentroinformativo.com.mx\/wp-content\/uploads\/2020\/11\/68F5C4B4-0F72-4FCD-A967-6A53D4D5C608.jpeg","jetpack_sharing_enabled":true,"jetpack_likes_enabled":true,"amp_enabled":true,"_links":{"self":[{"href":"https:\/\/encuentroinformativo.com.mx\/index.php?rest_route=\/wp\/v2\/posts\/8262","targetHints":{"allow":["GET"]}}],"collection":[{"href":"https:\/\/encuentroinformativo.com.mx\/index.php?rest_route=\/wp\/v2\/posts"}],"about":[{"href":"https:\/\/encuentroinformativo.com.mx\/index.php?rest_route=\/wp\/v2\/types\/post"}],"author":[{"embeddable":true,"href":"https:\/\/encuentroinformativo.com.mx\/index.php?rest_route=\/wp\/v2\/users\/1"}],"replies":[{"embeddable":true,"href":"https:\/\/encuentroinformativo.com.mx\/index.php?rest_route=%2Fwp%2Fv2%2Fcomments&post=8262"}],"version-history":[{"count":2,"href":"https:\/\/encuentroinformativo.com.mx\/index.php?rest_route=\/wp\/v2\/posts\/8262\/revisions"}],"predecessor-version":[{"id":8301,"href":"https:\/\/encuentroinformativo.com.mx\/index.php?rest_route=\/wp\/v2\/posts\/8262\/revisions\/8301"}],"wp:featuredmedia":[{"embeddable":true,"href":"https:\/\/encuentroinformativo.com.mx\/index.php?rest_route=\/wp\/v2\/media\/8263"}],"wp:attachment":[{"href":"https:\/\/encuentroinformativo.com.mx\/index.php?rest_route=%2Fwp%2Fv2%2Fmedia&parent=8262"}],"wp:term":[{"taxonomy":"category","embeddable":true,"href":"https:\/\/encuentroinformativo.com.mx\/index.php?rest_route=%2Fwp%2Fv2%2Fcategories&post=8262"},{"taxonomy":"post_tag","embeddable":true,"href":"https:\/\/encuentroinformativo.com.mx\/index.php?rest_route=%2Fwp%2Fv2%2Ftags&post=8262"}],"curies":[{"name":"wp","href":"https:\/\/api.w.org\/{rel}","templated":true}]}}