{"id":8266,"date":"2020-11-20T13:36:06","date_gmt":"2020-11-20T19:36:06","guid":{"rendered":"https:\/\/encuentroinformativo.com.mx\/?p=8266"},"modified":"2020-11-20T13:36:08","modified_gmt":"2020-11-20T19:36:08","slug":"envia-consulado-de-honduras-en-veracruz-paquete-de-ayuda-para-damnificados","status":"publish","type":"post","link":"https:\/\/encuentroinformativo.com.mx\/?p=8266","title":{"rendered":"Env\u00eda consulado de Honduras en Veracruz paquete de ayuda para damnificados"},"content":{"rendered":"\n<p><strong>Alejandro \u00c1vila<\/strong><\/p>\n\n\n\n<p>Veracruz, Ver.- Este viernes saldr\u00e1 la primera carga de ayuda para las personas damnificadas por el hurac\u00e1n y la tormenta que azotaron en d\u00edas pasados el pa\u00eds de Honduras.<\/p>\n\n\n\n<p>El consulado de Honduras, con sede en Veracruz, realiz\u00f3 una colecta del pasado 10 al 13 de noviembre, para recolectar v\u00edveres y apoyar as\u00ed a sus paisanos que se encuentran con serias afectaciones.<\/p>\n\n\n\n<p>Astrid Vel\u00e1zquez, hondure\u00f1a radicada en Veracruz, explic\u00f3 que como base se estuvo pidiendo y recolectando alimentos no perecederos, como enlatados, leche en polvo y otros que pudieran perdurar en el largo recorrido; adem\u00e1s, se solicitaron articulos de limpieza, higiene personal, de biodiversidad como, cubrebocas, gel anti bacterial, y ropa para hombre, mujer y ni\u00f1os.<\/p>\n\n\n\n<p>&#8220;Ha sido muy dificil para todas las familias afectadas, mi familia tambi\u00e9n ha sido gravemente afectada y pues, lastimosamente no hubo el tiempo en muchas zonas de poder evacuar, hasta el d\u00eda de hoy hay muchas familias sin ser evacuadas de las zonas donde se han protegido, ya sea en un bordo, en los techos de sus casas, en los lugares donde no corran mucho riesgo, pero pues s\u00ed necesitan la ayuda del gobierno, de las autoridades y de las personas que puedan acceder a ayudarles&#8221;, declar\u00f3.<\/p>\n\n\n\n<p>Astrid Vel\u00e1zquez relat\u00f3 los problemas contin\u00faan, porque en algunos lugares ha sido muy complicado que el Ejercito pueda llegar para dar atenci\u00f3n, por lo que se ha recurrido a las personas que en sus aldeas cuentan con lanchas, para que sean los informantes de buenas noticias, sobre todo, de que van a seguir llegando v\u00edveres.<\/p>\n\n\n\n<p>De la misma manera, expuso que son muchos los afectados, y tan solo en el municipio de Choloma, donde radica su familia, tiene conocimiento que no a todos les llega el apoyo alimentario, pues en ocasiones se acaba antes de ser entregado a todos los afectados.<\/p>\n\n\n\n<p>&#8220;Ha sido muy dificil, mi propia familia que sali\u00f3 antes, cuando han podido llevan agua, alimento, pero pues necesitan m\u00e1s elementos para poder evacuarlos&#8221;, subray\u00f3.<\/p>\n","protected":false},"excerpt":{"rendered":"<p>Alejandro \u00c1vila Veracruz, Ver.- Este viernes saldr\u00e1 la primera carga de ayuda para las personas damnificadas por el hurac\u00e1n y la tormenta que azotaron en d\u00edas pasados el pa\u00eds de Honduras. El consulado de Honduras, con sede en Veracruz, realiz\u00f3 una colecta del pasado 10 al 13 de noviembre, para recolectar v\u00edveres y apoyar as\u00ed [&hellip;]<\/p>\n","protected":false},"author":1,"featured_media":8267,"comment_status":"open","ping_status":"open","sticky":false,"template":"","format":"standard","meta":{"_jetpack_memberships_contains_paid_content":false,"footnotes":""},"categories":[2],"tags":[],"class_list":["post-8266","post","type-post","status-publish","format-standard","has-post-thumbnail","hentry","category-estado"],"jetpack_featured_media_url":"https:\/\/encuentroinformativo.com.mx\/wp-content\/uploads\/2020\/11\/CC8ADFE1-09CE-431C-82DC-63FBB5890C6F.jpeg","jetpack_sharing_enabled":true,"jetpack_likes_enabled":true,"amp_enabled":true,"_links":{"self":[{"href":"https:\/\/encuentroinformativo.com.mx\/index.php?rest_route=\/wp\/v2\/posts\/8266","targetHints":{"allow":["GET"]}}],"collection":[{"href":"https:\/\/encuentroinformativo.com.mx\/index.php?rest_route=\/wp\/v2\/posts"}],"about":[{"href":"https:\/\/encuentroinformativo.com.mx\/index.php?rest_route=\/wp\/v2\/types\/post"}],"author":[{"embeddable":true,"href":"https:\/\/encuentroinformativo.com.mx\/index.php?rest_route=\/wp\/v2\/users\/1"}],"replies":[{"embeddable":true,"href":"https:\/\/encuentroinformativo.com.mx\/index.php?rest_route=%2Fwp%2Fv2%2Fcomments&post=8266"}],"version-history":[{"count":1,"href":"https:\/\/encuentroinformativo.com.mx\/index.php?rest_route=\/wp\/v2\/posts\/8266\/revisions"}],"predecessor-version":[{"id":8268,"href":"https:\/\/encuentroinformativo.com.mx\/index.php?rest_route=\/wp\/v2\/posts\/8266\/revisions\/8268"}],"wp:featuredmedia":[{"embeddable":true,"href":"https:\/\/encuentroinformativo.com.mx\/index.php?rest_route=\/wp\/v2\/media\/8267"}],"wp:attachment":[{"href":"https:\/\/encuentroinformativo.com.mx\/index.php?rest_route=%2Fwp%2Fv2%2Fmedia&parent=8266"}],"wp:term":[{"taxonomy":"category","embeddable":true,"href":"https:\/\/encuentroinformativo.com.mx\/index.php?rest_route=%2Fwp%2Fv2%2Fcategories&post=8266"},{"taxonomy":"post_tag","embeddable":true,"href":"https:\/\/encuentroinformativo.com.mx\/index.php?rest_route=%2Fwp%2Fv2%2Ftags&post=8266"}],"curies":[{"name":"wp","href":"https:\/\/api.w.org\/{rel}","templated":true}]}}