{"id":8269,"date":"2020-11-20T13:42:55","date_gmt":"2020-11-20T19:42:55","guid":{"rendered":"https:\/\/encuentroinformativo.com.mx\/?p=8269"},"modified":"2020-11-20T13:42:57","modified_gmt":"2020-11-20T19:42:57","slug":"ya-hay-interesados-en-estadio-de-futbol-gobernador","status":"publish","type":"post","link":"https:\/\/encuentroinformativo.com.mx\/?p=8269","title":{"rendered":"Ya hay interesados en estadio de f\u00fatbol: Gobernador"},"content":{"rendered":"\n<p><strong>Dar\u00edo Pale <\/strong><\/p>\n\n\n\n<p>Xalapa, Ver.- Despu\u00e9s de que el gobierno del estado recuperar\u00e1 el estadio Luis \u201cPirata\u201c Fuentes el\u00a0gobernador de Veracruz, Cuitl\u00e1huac Garc\u00eda Jim\u00e9nez, inform\u00f3 que ya hay un equipo que est\u00e1 interesado en el estadio para participar en la liga de ascenso.<\/p>\n\n\n\n<p>Entrevistado en el parque Ju\u00e1rez posterior a la conmemoraci\u00f3n del 110 aniversario de la Revoluci\u00f3n Mexicana, dio a conocer\u00a0que cuando sea temporada de ascensos, este equipo puede quedar en primera divisi\u00f3n de la liga de f\u00fatbol mexicano,\u00a0&#8220;tenemos pl\u00e1ticas con un equipo que tiene inter\u00e9s de participar en la liga de ascenso y por lo tanto, despu\u00e9s, cuando ya haya ascensos pudiera estar en la primera divisi\u00f3n de la liga del futbol mexicana&#8221;.<\/p>\n\n\n\n<p>Por lo que se congratul\u00f3 en informar que este estadio ya ha pasado a manos del gobierno estatal y por tanto finaliz\u00f3 el contrato de comodato con el empresario Fidel Kuri,\u00a0&#8220;el estadio queda en nuestras manos totalmente&#8221;, mencion\u00f3 al tiempo que se\u00f1alaba que &#8220;tendr\u00eda el nombre de los Tiburones Rojos o algo similar, dependiendo de c\u00f3mo ellos decidan ese nombre&#8221;.<\/p>\n\n\n\n<p>A\u00f1adi\u00f3 que este equipo que esta interesado en cambiar su sede a Veracruz ya est\u00e1 en v\u00edas de que acepten y con ello se procede a firmar el documento y hacer cambio.<\/p>\n\n\n\n<p>Sobre las irregularidades que pudieron haberse encontrado dentro del tiempo en que Kuri llevaba la administraci\u00f3n del mismo, con los Tiburones Rojos del Veracruz, se dar\u00e1n a conocer posterior a una reuni\u00f3n con el secretario de Finanzas.<\/p>\n\n\n\n<p>&#8220;Todav\u00eda tengo una reuni\u00f3n pendiente con el secretario de Finanzas para ver en qu\u00e9 condiciones lo recibimos. Lo que s\u00ed es cierto es que ya lo recuperamos. Se termin\u00f3 el comodato y por lo tanto va a quedar a disposici\u00f3n como lo hab\u00edamos comentado con respecto a cualquier empresa privada, asociaci\u00f3n de privados que quieran tener un equipo en la liga profesional, el estadio ya est\u00e1 a su disposici\u00f3n. Entonces vamos a esperar qui\u00e9n podr\u00eda ser&#8221;, finaliz\u00f3.<\/p>\n","protected":false},"excerpt":{"rendered":"<p>Dar\u00edo Pale Xalapa, Ver.- Despu\u00e9s de que el gobierno del estado recuperar\u00e1 el estadio Luis \u201cPirata\u201c Fuentes el\u00a0gobernador de Veracruz, Cuitl\u00e1huac Garc\u00eda Jim\u00e9nez, inform\u00f3 que ya hay un equipo que est\u00e1 interesado en el estadio para participar en la liga de ascenso. Entrevistado en el parque Ju\u00e1rez posterior a la conmemoraci\u00f3n del 110 aniversario de [&hellip;]<\/p>\n","protected":false},"author":1,"featured_media":8270,"comment_status":"open","ping_status":"open","sticky":false,"template":"","format":"standard","meta":{"_jetpack_memberships_contains_paid_content":false,"footnotes":""},"categories":[2],"tags":[],"class_list":["post-8269","post","type-post","status-publish","format-standard","has-post-thumbnail","hentry","category-estado"],"jetpack_featured_media_url":"https:\/\/encuentroinformativo.com.mx\/wp-content\/uploads\/2020\/11\/0362C04A-517E-4A67-B107-94BD96C74F22.jpeg","jetpack_sharing_enabled":true,"jetpack_likes_enabled":true,"amp_enabled":true,"_links":{"self":[{"href":"https:\/\/encuentroinformativo.com.mx\/index.php?rest_route=\/wp\/v2\/posts\/8269","targetHints":{"allow":["GET"]}}],"collection":[{"href":"https:\/\/encuentroinformativo.com.mx\/index.php?rest_route=\/wp\/v2\/posts"}],"about":[{"href":"https:\/\/encuentroinformativo.com.mx\/index.php?rest_route=\/wp\/v2\/types\/post"}],"author":[{"embeddable":true,"href":"https:\/\/encuentroinformativo.com.mx\/index.php?rest_route=\/wp\/v2\/users\/1"}],"replies":[{"embeddable":true,"href":"https:\/\/encuentroinformativo.com.mx\/index.php?rest_route=%2Fwp%2Fv2%2Fcomments&post=8269"}],"version-history":[{"count":1,"href":"https:\/\/encuentroinformativo.com.mx\/index.php?rest_route=\/wp\/v2\/posts\/8269\/revisions"}],"predecessor-version":[{"id":8271,"href":"https:\/\/encuentroinformativo.com.mx\/index.php?rest_route=\/wp\/v2\/posts\/8269\/revisions\/8271"}],"wp:featuredmedia":[{"embeddable":true,"href":"https:\/\/encuentroinformativo.com.mx\/index.php?rest_route=\/wp\/v2\/media\/8270"}],"wp:attachment":[{"href":"https:\/\/encuentroinformativo.com.mx\/index.php?rest_route=%2Fwp%2Fv2%2Fmedia&parent=8269"}],"wp:term":[{"taxonomy":"category","embeddable":true,"href":"https:\/\/encuentroinformativo.com.mx\/index.php?rest_route=%2Fwp%2Fv2%2Fcategories&post=8269"},{"taxonomy":"post_tag","embeddable":true,"href":"https:\/\/encuentroinformativo.com.mx\/index.php?rest_route=%2Fwp%2Fv2%2Ftags&post=8269"}],"curies":[{"name":"wp","href":"https:\/\/api.w.org\/{rel}","templated":true}]}}