{"id":827,"date":"2020-03-12T14:42:17","date_gmt":"2020-03-12T20:42:17","guid":{"rendered":"https:\/\/encuentroinformativo.com\/?p=827"},"modified":"2020-03-12T14:42:20","modified_gmt":"2020-03-12T20:42:20","slug":"acusan-a-urbano-de-golpear-intencionalmente-a-vehiculo-particular","status":"publish","type":"post","link":"https:\/\/encuentroinformativo.com.mx\/?p=827","title":{"rendered":"Acusan a \u201curbano\u201d de golpear intencionalmente a veh\u00edculo particular"},"content":{"rendered":"\n<p><strong>Juan Arcos <\/strong><\/p>\n\n\n\n<p>Xalapa, Ver.- Un camionero del Servicio Urbano de Xalapa golpe\u00f3 la parte trasera de un veh\u00edculo Ford-Fiesta sobre la avenida Adolfo Ruiz Cortines, para ganarle el paso.\u00a0<br>Los hechos ocurrieron alrededor de las 13:00 horas de este jueves en las inmediaciones del mercado Los Sauces.<\/p>\n\n\n\n<p>El conductor del auto particular circulaba sobre la calle 7 de Septiembre y, al incorporarse a Ruiz Cortines, se top\u00f3 con un urbanero que la avent\u00f3 el veh\u00edculo.<\/p>\n\n\n\n<p>Se trata de la unidad de transporte p\u00fablico marcada con el n\u00famero 33 y con placas de circulaci\u00f3n A-17032-X, cuya ruta es Murillo Vidal, Centro, Teatro del Estado y Coapexpan.<\/p>\n\n\n\n<p>La mujer que viajaba como copiloto en el Ford-Fiesta denunci\u00f3 que el camionero ocasion\u00f3 el siniestro de manera intencional.<\/p>\n\n\n\n<p>La joven solicit\u00f3 el anonimato y pidi\u00f3 a las autoridades de la Direcci\u00f3n de Transporte P\u00fablico que pongan atenci\u00f3n y sancionen a los camioneros que conducen de forma indebida y ponen en riesgo a la poblaci\u00f3n.<\/p>\n\n\n\n<p>Al lugar arribaron elementos de la Polic\u00eda Municipal, para evitar que el camionero se diera a la fuga, pues en ning\u00fan momento descendi\u00f3 de la unidad.<\/p>\n\n\n\n<p><\/p>\n","protected":false},"excerpt":{"rendered":"<p>Juan Arcos Xalapa, Ver.- Un camionero del Servicio Urbano de Xalapa golpe\u00f3 la parte trasera de un veh\u00edculo Ford-Fiesta sobre la avenida Adolfo Ruiz Cortines, para ganarle el paso.\u00a0Los hechos ocurrieron alrededor de las 13:00 horas de este jueves en las inmediaciones del mercado Los Sauces. El conductor del auto particular circulaba sobre la calle [&hellip;]<\/p>\n","protected":false},"author":1,"featured_media":828,"comment_status":"open","ping_status":"open","sticky":false,"template":"","format":"standard","meta":{"_jetpack_memberships_contains_paid_content":false,"footnotes":""},"categories":[14],"tags":[],"class_list":["post-827","post","type-post","status-publish","format-standard","has-post-thumbnail","hentry","category-policiaca"],"jetpack_featured_media_url":"https:\/\/encuentroinformativo.com.mx\/wp-content\/uploads\/2020\/03\/006FFFDF-52FA-4382-A610-2D5ECD1268AD.jpeg","jetpack_sharing_enabled":true,"jetpack_likes_enabled":true,"amp_enabled":true,"_links":{"self":[{"href":"https:\/\/encuentroinformativo.com.mx\/index.php?rest_route=\/wp\/v2\/posts\/827","targetHints":{"allow":["GET"]}}],"collection":[{"href":"https:\/\/encuentroinformativo.com.mx\/index.php?rest_route=\/wp\/v2\/posts"}],"about":[{"href":"https:\/\/encuentroinformativo.com.mx\/index.php?rest_route=\/wp\/v2\/types\/post"}],"author":[{"embeddable":true,"href":"https:\/\/encuentroinformativo.com.mx\/index.php?rest_route=\/wp\/v2\/users\/1"}],"replies":[{"embeddable":true,"href":"https:\/\/encuentroinformativo.com.mx\/index.php?rest_route=%2Fwp%2Fv2%2Fcomments&post=827"}],"version-history":[{"count":1,"href":"https:\/\/encuentroinformativo.com.mx\/index.php?rest_route=\/wp\/v2\/posts\/827\/revisions"}],"predecessor-version":[{"id":829,"href":"https:\/\/encuentroinformativo.com.mx\/index.php?rest_route=\/wp\/v2\/posts\/827\/revisions\/829"}],"wp:featuredmedia":[{"embeddable":true,"href":"https:\/\/encuentroinformativo.com.mx\/index.php?rest_route=\/wp\/v2\/media\/828"}],"wp:attachment":[{"href":"https:\/\/encuentroinformativo.com.mx\/index.php?rest_route=%2Fwp%2Fv2%2Fmedia&parent=827"}],"wp:term":[{"taxonomy":"category","embeddable":true,"href":"https:\/\/encuentroinformativo.com.mx\/index.php?rest_route=%2Fwp%2Fv2%2Fcategories&post=827"},{"taxonomy":"post_tag","embeddable":true,"href":"https:\/\/encuentroinformativo.com.mx\/index.php?rest_route=%2Fwp%2Fv2%2Ftags&post=827"}],"curies":[{"name":"wp","href":"https:\/\/api.w.org\/{rel}","templated":true}]}}