{"id":8272,"date":"2020-11-20T14:05:24","date_gmt":"2020-11-20T20:05:24","guid":{"rendered":"https:\/\/encuentroinformativo.com.mx\/?p=8272"},"modified":"2020-11-20T14:05:27","modified_gmt":"2020-11-20T20:05:27","slug":"rechaza-regidor-protestas-de-grupos-invasores","status":"publish","type":"post","link":"https:\/\/encuentroinformativo.com.mx\/?p=8272","title":{"rendered":"Rechaza regidor protestas de grupos invasores"},"content":{"rendered":"\n<p><strong>Juan Arcos <\/strong><\/p>\n\n\n\n<p>Coatepec, Ver.- El regidor tercero de Coatepec, Jorge Ignacio Luna Hern\u00e1ndez, repudi\u00f3 que integrantes de la Central Independiente de Obreros Agr\u00edcolas y Campesinos (CIOAC) contin\u00faen realizando manifestaciones para que las autoridades judiciales favorezcan su invasi\u00f3n en la zona boscosa conocida como \u201cSierra Alta\u201d.<\/p>\n\n\n\n<p>El entrevistado record\u00f3 que durante esta semana los integrantes de dicha agrupaci\u00f3n protestaron afuera de la Unidad Integral de Procuraci\u00f3n de Justicia en Coatepec.<\/p>\n\n\n\n<p>El edil enfatiz\u00f3 que el bosque de Coatepec es patrimonio de todas y todos los ciudadanos y, por ende, no puede estar sujeto a los \u201ccaprichos\u201d de un grupo que pretende consolidar un asentamiento humano.<\/p>\n\n\n\n<p>\u201cPorque adem\u00e1s esta parte no es propicia para asentamientos humanos, la ley de desarrollo urbano es muy clara y esta zona no es propicia para que se asiente ah\u00ed y tampoco es apta para los cultivos que ellos pretenden\u201d.<\/p>\n\n\n\n<p>Cabe recordar que los leg\u00edtimos propietarios de terrenos en la \u201cSierra Alta\u201d de Coatepec han denunciado que los invasores han talado \u00e1rboles de manera clandestina y contaminado los mantos acu\u00edferos.<\/p>\n\n\n\n<p>En ese sentido, el funcionario municipal indic\u00f3 que los cultivos en la zona generar\u00edan una mayor deforestaci\u00f3n y un da\u00f1o ambiental m\u00e1s grave en la parte alta del municipio.<\/p>\n\n\n\n<p>\u201cEstamos totalmente en contra de que estas personas contin\u00faen invadiendo el patrimonio de las y los coatepecanos\u201d.<\/p>\n\n\n\n<p>Luna Hern\u00e1ndez exhort\u00f3 a las autoridades que resuelvan de forma r\u00e1pida el conflicto, en beneficio de la poblaci\u00f3n coatepecana.<\/p>\n\n\n\n<p>\u201cQue de ninguna manera vayan a creerse (autoridades encargadas de procuraci\u00f3n e impartici\u00f3n de justicia) que corresponde la posesi\u00f3n de estos predios a este grupo de invasores, los predios tienen due\u00f1os, tienen legales propietarios\u201d.<\/p>\n\n\n\n<p>El pasado 25 de agosto, el presidente de la Rep\u00fablica, Andr\u00e9s Manuel L\u00f3pez Obrador, se comprometi\u00f3 a resolver el conflicto en el bosque de Coatepec; sin embargo, hasta el momento, el problema es latente.<\/p>\n","protected":false},"excerpt":{"rendered":"<p>Juan Arcos Coatepec, Ver.- El regidor tercero de Coatepec, Jorge Ignacio Luna Hern\u00e1ndez, repudi\u00f3 que integrantes de la Central Independiente de Obreros Agr\u00edcolas y Campesinos (CIOAC) contin\u00faen realizando manifestaciones para que las autoridades judiciales favorezcan su invasi\u00f3n en la zona boscosa conocida como \u201cSierra Alta\u201d. El entrevistado record\u00f3 que durante esta semana los integrantes de [&hellip;]<\/p>\n","protected":false},"author":1,"featured_media":8273,"comment_status":"open","ping_status":"open","sticky":false,"template":"","format":"standard","meta":{"_jetpack_memberships_contains_paid_content":false,"footnotes":""},"categories":[8],"tags":[],"class_list":["post-8272","post","type-post","status-publish","format-standard","has-post-thumbnail","hentry","category-region"],"jetpack_featured_media_url":"https:\/\/encuentroinformativo.com.mx\/wp-content\/uploads\/2020\/11\/EC23C66D-2F5F-4829-B800-075685332D92.jpeg","jetpack_sharing_enabled":true,"jetpack_likes_enabled":true,"amp_enabled":true,"_links":{"self":[{"href":"https:\/\/encuentroinformativo.com.mx\/index.php?rest_route=\/wp\/v2\/posts\/8272","targetHints":{"allow":["GET"]}}],"collection":[{"href":"https:\/\/encuentroinformativo.com.mx\/index.php?rest_route=\/wp\/v2\/posts"}],"about":[{"href":"https:\/\/encuentroinformativo.com.mx\/index.php?rest_route=\/wp\/v2\/types\/post"}],"author":[{"embeddable":true,"href":"https:\/\/encuentroinformativo.com.mx\/index.php?rest_route=\/wp\/v2\/users\/1"}],"replies":[{"embeddable":true,"href":"https:\/\/encuentroinformativo.com.mx\/index.php?rest_route=%2Fwp%2Fv2%2Fcomments&post=8272"}],"version-history":[{"count":1,"href":"https:\/\/encuentroinformativo.com.mx\/index.php?rest_route=\/wp\/v2\/posts\/8272\/revisions"}],"predecessor-version":[{"id":8274,"href":"https:\/\/encuentroinformativo.com.mx\/index.php?rest_route=\/wp\/v2\/posts\/8272\/revisions\/8274"}],"wp:featuredmedia":[{"embeddable":true,"href":"https:\/\/encuentroinformativo.com.mx\/index.php?rest_route=\/wp\/v2\/media\/8273"}],"wp:attachment":[{"href":"https:\/\/encuentroinformativo.com.mx\/index.php?rest_route=%2Fwp%2Fv2%2Fmedia&parent=8272"}],"wp:term":[{"taxonomy":"category","embeddable":true,"href":"https:\/\/encuentroinformativo.com.mx\/index.php?rest_route=%2Fwp%2Fv2%2Fcategories&post=8272"},{"taxonomy":"post_tag","embeddable":true,"href":"https:\/\/encuentroinformativo.com.mx\/index.php?rest_route=%2Fwp%2Fv2%2Ftags&post=8272"}],"curies":[{"name":"wp","href":"https:\/\/api.w.org\/{rel}","templated":true}]}}