{"id":8275,"date":"2020-11-20T14:25:18","date_gmt":"2020-11-20T20:25:18","guid":{"rendered":"https:\/\/encuentroinformativo.com.mx\/?p=8275"},"modified":"2020-11-20T14:25:21","modified_gmt":"2020-11-20T20:25:21","slug":"anuncian-marchas-en-defensa-de-sierra-alta","status":"publish","type":"post","link":"https:\/\/encuentroinformativo.com.mx\/?p=8275","title":{"rendered":"Anuncian marchas en defensa de Sierra Alta"},"content":{"rendered":"\n<p><strong>Juan Arcos <\/strong><\/p>\n\n\n\n<p>Coatepec, Ver.- Leg\u00edtimos propietarios de la zona conocida como \u201cSierra Alta\u201d realizar\u00e1n una marcha en el bosque de Coatepec, para que la poblaci\u00f3n se sume a la defensa del entorno ecol\u00f3gico que se ve amenazado por una invasi\u00f3n de un predio de 2 mil hect\u00e1reas en la zona.<\/p>\n\n\n\n<p>La primera caminata ambiental se realizar\u00e1 el domingo 29 de noviembre a las 9:00 horas.\u00a0De acuerdo con Blanca Trinidad Hern\u00e1ndez, propietaria de uno de los terrenos, el recorrido iniciar\u00e1 en el sal\u00f3n de la Agr\u00edcola, sobre la calle Sexta de Miguel Lerdo.<\/p>\n\n\n\n<p>La gente podr\u00e1 conocer la riqueza ambiental del bosque, donde m\u00e1s de 100 personas de la Central Independiente de Obreros Agr\u00edcolas y Campesinos (CIOAC), se han apropiado del predio Jinicuil Manso, desde hace m\u00e1s de a\u00f1o y medio.<\/p>\n\n\n\n<p>La entrevistada indic\u00f3 que el recorrido no se llevar\u00e1 a cabo en la zona donde se encuentran los invasores, con la finalidad de evitar conflictos.<\/p>\n\n\n\n<p>\u201cNo vamos a pasar por donde est\u00e1n los invasores, obviamente para no generar ning\u00fan conflicto. Es para que conozcan parte de la monta\u00f1a, no podemos recorrer todo pero la intenci\u00f3n es que la gente le tome amor a nuestra tierra\u201d.<\/p>\n\n\n\n<p>Cabe recordar que existen denuncias penales por despojo y da\u00f1os ambientales en el bosque del Pueblo M\u00e1gico, donde m\u00e1s de 90 especies de flora, fauna y hongos est\u00e1n en peligro de extinci\u00f3n.<\/p>\n\n\n\n<p>Los integrantes de la Central Independiente de Obreros Agr\u00edcolas y Campesinos presentaron un documento \u201cap\u00f3crifo\u201d para solicitar un deslinde a la Secretar\u00eda de Desarrollo Agrario, Territorial y Ubano (Sedatu) y as\u00ed apropiarse de la zona y construir viviendas o sembrar cultivos.<\/p>\n\n\n\n<p>El procedimiento por parte de la dependencia federal no ha sido concluido, toda vez que los propietarios lograron ampararse; sin embargo, el bosque sigue invadido.<\/p>\n","protected":false},"excerpt":{"rendered":"<p>Juan Arcos Coatepec, Ver.- Leg\u00edtimos propietarios de la zona conocida como \u201cSierra Alta\u201d realizar\u00e1n una marcha en el bosque de Coatepec, para que la poblaci\u00f3n se sume a la defensa del entorno ecol\u00f3gico que se ve amenazado por una invasi\u00f3n de un predio de 2 mil hect\u00e1reas en la zona. La primera caminata ambiental se [&hellip;]<\/p>\n","protected":false},"author":1,"featured_media":8276,"comment_status":"open","ping_status":"open","sticky":false,"template":"","format":"standard","meta":{"_jetpack_memberships_contains_paid_content":false,"footnotes":""},"categories":[8],"tags":[],"class_list":["post-8275","post","type-post","status-publish","format-standard","has-post-thumbnail","hentry","category-region"],"jetpack_featured_media_url":"https:\/\/encuentroinformativo.com.mx\/wp-content\/uploads\/2020\/11\/C7265EEB-0A17-44A5-8802-B31A26B1C46E.jpeg","jetpack_sharing_enabled":true,"jetpack_likes_enabled":true,"amp_enabled":true,"_links":{"self":[{"href":"https:\/\/encuentroinformativo.com.mx\/index.php?rest_route=\/wp\/v2\/posts\/8275","targetHints":{"allow":["GET"]}}],"collection":[{"href":"https:\/\/encuentroinformativo.com.mx\/index.php?rest_route=\/wp\/v2\/posts"}],"about":[{"href":"https:\/\/encuentroinformativo.com.mx\/index.php?rest_route=\/wp\/v2\/types\/post"}],"author":[{"embeddable":true,"href":"https:\/\/encuentroinformativo.com.mx\/index.php?rest_route=\/wp\/v2\/users\/1"}],"replies":[{"embeddable":true,"href":"https:\/\/encuentroinformativo.com.mx\/index.php?rest_route=%2Fwp%2Fv2%2Fcomments&post=8275"}],"version-history":[{"count":1,"href":"https:\/\/encuentroinformativo.com.mx\/index.php?rest_route=\/wp\/v2\/posts\/8275\/revisions"}],"predecessor-version":[{"id":8277,"href":"https:\/\/encuentroinformativo.com.mx\/index.php?rest_route=\/wp\/v2\/posts\/8275\/revisions\/8277"}],"wp:featuredmedia":[{"embeddable":true,"href":"https:\/\/encuentroinformativo.com.mx\/index.php?rest_route=\/wp\/v2\/media\/8276"}],"wp:attachment":[{"href":"https:\/\/encuentroinformativo.com.mx\/index.php?rest_route=%2Fwp%2Fv2%2Fmedia&parent=8275"}],"wp:term":[{"taxonomy":"category","embeddable":true,"href":"https:\/\/encuentroinformativo.com.mx\/index.php?rest_route=%2Fwp%2Fv2%2Fcategories&post=8275"},{"taxonomy":"post_tag","embeddable":true,"href":"https:\/\/encuentroinformativo.com.mx\/index.php?rest_route=%2Fwp%2Fv2%2Ftags&post=8275"}],"curies":[{"name":"wp","href":"https:\/\/api.w.org\/{rel}","templated":true}]}}