{"id":8278,"date":"2020-11-20T14:38:09","date_gmt":"2020-11-20T20:38:09","guid":{"rendered":"https:\/\/encuentroinformativo.com.mx\/?p=8278"},"modified":"2020-11-20T14:38:12","modified_gmt":"2020-11-20T20:38:12","slug":"se-investigan-complicidades-en-homicidio-de-alcaldesa","status":"publish","type":"post","link":"https:\/\/encuentroinformativo.com.mx\/?p=8278","title":{"rendered":"Se investigan complicidades en homicidio de alcaldesa"},"content":{"rendered":"\n<p><strong>Dar\u00edo Pale <\/strong><\/p>\n\n\n\n<p>Xalapa, Ver.- En la muerte de la alcaldesa de Jamapa, Florisel R\u00edos Delf\u00edn hubo c\u00f3mplices adem\u00e1s de los dos detenidos a los cuales se tiene el proceso judicial abierto, as\u00ed lo se\u00f1al\u00f3 el\u00a0gobernador Cuitl\u00e1huac Garc\u00eda Jim\u00e9nez,\u00a0\u201calgo si le puede mencionar es que no hay solo la participaci\u00f3n de dos personas, hay complicidades\u201d.<\/p>\n\n\n\n<p>Entrevistado en el parque Ju\u00e1rez posterior a la conmemoraci\u00f3n del 110 aniversario de la Revoluci\u00f3n Mexicana, insisti\u00f3 que no puede revelar m\u00e1s debido a que existe el proceso judicial abierto,\u00a0\u201ces un proceso de investigaci\u00f3n y se tiene que esperar, ya que el juez a cargo tome la determinaciones\u201d.<br>Agreg\u00f3 que ese tipo de actos tiene actores intelectuales &#8220;si estos involucrados tienen relaci\u00f3n con otro tipo de personas y hayan tenido alguna participaci\u00f3n\u201d.<\/p>\n\n\n\n<p>Finalmente rechaz\u00f3 una vez m\u00e1s que vaya haber cambios al interior de su gabinete, esto despu\u00e9s de las comparecencias como se comentaba del relevo de algunos secretarios de despacho, adem\u00e1s de que\u00a0mencion\u00f3 que la entidad veracruzana continuar\u00e1 en sem\u00e1foro amarillo.<\/p>\n","protected":false},"excerpt":{"rendered":"<p>Dar\u00edo Pale Xalapa, Ver.- En la muerte de la alcaldesa de Jamapa, Florisel R\u00edos Delf\u00edn hubo c\u00f3mplices adem\u00e1s de los dos detenidos a los cuales se tiene el proceso judicial abierto, as\u00ed lo se\u00f1al\u00f3 el\u00a0gobernador Cuitl\u00e1huac Garc\u00eda Jim\u00e9nez,\u00a0\u201calgo si le puede mencionar es que no hay solo la participaci\u00f3n de dos personas, hay complicidades\u201d. Entrevistado [&hellip;]<\/p>\n","protected":false},"author":1,"featured_media":8279,"comment_status":"open","ping_status":"open","sticky":false,"template":"","format":"standard","meta":{"_jetpack_memberships_contains_paid_content":false,"footnotes":""},"categories":[2],"tags":[],"class_list":["post-8278","post","type-post","status-publish","format-standard","has-post-thumbnail","hentry","category-estado"],"jetpack_featured_media_url":"https:\/\/encuentroinformativo.com.mx\/wp-content\/uploads\/2020\/11\/5F24B565-4E7F-4345-81D9-80822118D20B.jpeg","jetpack_sharing_enabled":true,"jetpack_likes_enabled":true,"amp_enabled":true,"_links":{"self":[{"href":"https:\/\/encuentroinformativo.com.mx\/index.php?rest_route=\/wp\/v2\/posts\/8278","targetHints":{"allow":["GET"]}}],"collection":[{"href":"https:\/\/encuentroinformativo.com.mx\/index.php?rest_route=\/wp\/v2\/posts"}],"about":[{"href":"https:\/\/encuentroinformativo.com.mx\/index.php?rest_route=\/wp\/v2\/types\/post"}],"author":[{"embeddable":true,"href":"https:\/\/encuentroinformativo.com.mx\/index.php?rest_route=\/wp\/v2\/users\/1"}],"replies":[{"embeddable":true,"href":"https:\/\/encuentroinformativo.com.mx\/index.php?rest_route=%2Fwp%2Fv2%2Fcomments&post=8278"}],"version-history":[{"count":1,"href":"https:\/\/encuentroinformativo.com.mx\/index.php?rest_route=\/wp\/v2\/posts\/8278\/revisions"}],"predecessor-version":[{"id":8280,"href":"https:\/\/encuentroinformativo.com.mx\/index.php?rest_route=\/wp\/v2\/posts\/8278\/revisions\/8280"}],"wp:featuredmedia":[{"embeddable":true,"href":"https:\/\/encuentroinformativo.com.mx\/index.php?rest_route=\/wp\/v2\/media\/8279"}],"wp:attachment":[{"href":"https:\/\/encuentroinformativo.com.mx\/index.php?rest_route=%2Fwp%2Fv2%2Fmedia&parent=8278"}],"wp:term":[{"taxonomy":"category","embeddable":true,"href":"https:\/\/encuentroinformativo.com.mx\/index.php?rest_route=%2Fwp%2Fv2%2Fcategories&post=8278"},{"taxonomy":"post_tag","embeddable":true,"href":"https:\/\/encuentroinformativo.com.mx\/index.php?rest_route=%2Fwp%2Fv2%2Ftags&post=8278"}],"curies":[{"name":"wp","href":"https:\/\/api.w.org\/{rel}","templated":true}]}}