{"id":8281,"date":"2020-11-20T15:13:16","date_gmt":"2020-11-20T21:13:16","guid":{"rendered":"https:\/\/encuentroinformativo.com.mx\/?p=8281"},"modified":"2020-11-20T15:13:19","modified_gmt":"2020-11-20T21:13:19","slug":"hay-avances-en-investigacion-de-jamapa-afirma-fiscalia","status":"publish","type":"post","link":"https:\/\/encuentroinformativo.com.mx\/?p=8281","title":{"rendered":"Hay avances en investigaci\u00f3n de Jamapa, afirma Fiscal\u00eda"},"content":{"rendered":"\n<p><strong>Dar\u00edo Pale <\/strong><\/p>\n\n\n\n<p>Xalapa, Ver.- Se est\u00e1 integrando la carpeta para tipificar el asesinato de la alcaldesa de Jamapa Florisel R\u00edos Delf\u00edn ocurrido el pasado 11 de noviembre como feminicidio, as\u00ed lo inform\u00f3 la\u00a0Fiscal General del Estado, Ver\u00f3nica Hern\u00e1ndez Giand\u00e1ns.<\/p>\n\n\n\n<p>Entrevistada en el parque Ju\u00e1rez dio a conocer que\u00a0la dependencia a su cargo contin\u00faa con las investigaciones la cual por la misma secrec\u00eda y por ley no puede abundar en el tema,\u00a0\u201cvamos muy bien, efectivamente hay dos personas detenidas que est\u00e1n involucradas en este lamentablemente asesinato\u201d.<\/p>\n\n\n\n<p>Cuestionado respecto a que si est\u00e1n involucrado gente al c\u00edrculo cercano de la ex mun\u00edcipe respondi\u00f3: \u201cNo puedo dar mayor detalle por la secrec\u00eda que me obliga la ley, si les puedo decir que est\u00e1n totalmente relacionados y estamos trabajando para judicializar la carpeta por el tema de feminicidio\u201d.<\/p>\n\n\n\n<p>Se\u00f1alo que contin\u00faan abiertas dos l\u00edneas de investigaci\u00f3n a lo que afirm\u00f3 que muy pronto se dar\u00e1n resultados muy pronto.Referente al asesinato de Silvia Jazm\u00edn indic\u00f3 que hay una persona detenida aunado a que cuenta con todos los elementos de pruebas para que contin\u00fae en la c\u00e1rcel.<\/p>\n\n\n\n<p>Por \u00faltimo en otro orden de ideas indic\u00f3 que la dependencia ha dado resultados positivos en el combate a los secuestros,\u00a0en m\u00e1s de 60 por ciento ha disminuido en incidencia y en 70 por ciento en detenidos como presuntos responsables.<\/p>\n","protected":false},"excerpt":{"rendered":"<p>Dar\u00edo Pale Xalapa, Ver.- Se est\u00e1 integrando la carpeta para tipificar el asesinato de la alcaldesa de Jamapa Florisel R\u00edos Delf\u00edn ocurrido el pasado 11 de noviembre como feminicidio, as\u00ed lo inform\u00f3 la\u00a0Fiscal General del Estado, Ver\u00f3nica Hern\u00e1ndez Giand\u00e1ns. Entrevistada en el parque Ju\u00e1rez dio a conocer que\u00a0la dependencia a su cargo contin\u00faa con las [&hellip;]<\/p>\n","protected":false},"author":1,"featured_media":8282,"comment_status":"open","ping_status":"open","sticky":false,"template":"","format":"standard","meta":{"_jetpack_memberships_contains_paid_content":false,"footnotes":""},"categories":[2],"tags":[],"class_list":["post-8281","post","type-post","status-publish","format-standard","has-post-thumbnail","hentry","category-estado"],"jetpack_featured_media_url":"https:\/\/encuentroinformativo.com.mx\/wp-content\/uploads\/2020\/11\/D7234BC8-628F-4438-BE95-78884F47924E.jpeg","jetpack_sharing_enabled":true,"jetpack_likes_enabled":true,"amp_enabled":true,"_links":{"self":[{"href":"https:\/\/encuentroinformativo.com.mx\/index.php?rest_route=\/wp\/v2\/posts\/8281","targetHints":{"allow":["GET"]}}],"collection":[{"href":"https:\/\/encuentroinformativo.com.mx\/index.php?rest_route=\/wp\/v2\/posts"}],"about":[{"href":"https:\/\/encuentroinformativo.com.mx\/index.php?rest_route=\/wp\/v2\/types\/post"}],"author":[{"embeddable":true,"href":"https:\/\/encuentroinformativo.com.mx\/index.php?rest_route=\/wp\/v2\/users\/1"}],"replies":[{"embeddable":true,"href":"https:\/\/encuentroinformativo.com.mx\/index.php?rest_route=%2Fwp%2Fv2%2Fcomments&post=8281"}],"version-history":[{"count":1,"href":"https:\/\/encuentroinformativo.com.mx\/index.php?rest_route=\/wp\/v2\/posts\/8281\/revisions"}],"predecessor-version":[{"id":8283,"href":"https:\/\/encuentroinformativo.com.mx\/index.php?rest_route=\/wp\/v2\/posts\/8281\/revisions\/8283"}],"wp:featuredmedia":[{"embeddable":true,"href":"https:\/\/encuentroinformativo.com.mx\/index.php?rest_route=\/wp\/v2\/media\/8282"}],"wp:attachment":[{"href":"https:\/\/encuentroinformativo.com.mx\/index.php?rest_route=%2Fwp%2Fv2%2Fmedia&parent=8281"}],"wp:term":[{"taxonomy":"category","embeddable":true,"href":"https:\/\/encuentroinformativo.com.mx\/index.php?rest_route=%2Fwp%2Fv2%2Fcategories&post=8281"},{"taxonomy":"post_tag","embeddable":true,"href":"https:\/\/encuentroinformativo.com.mx\/index.php?rest_route=%2Fwp%2Fv2%2Ftags&post=8281"}],"curies":[{"name":"wp","href":"https:\/\/api.w.org\/{rel}","templated":true}]}}