{"id":8284,"date":"2020-11-20T15:54:59","date_gmt":"2020-11-20T21:54:59","guid":{"rendered":"https:\/\/encuentroinformativo.com.mx\/?p=8284"},"modified":"2020-11-20T15:55:01","modified_gmt":"2020-11-20T21:55:01","slug":"acusan-a-alcaldesa-por-desalojo-en-coatzintla","status":"publish","type":"post","link":"https:\/\/encuentroinformativo.com.mx\/?p=8284","title":{"rendered":"Acusan a alcaldesa por desalojo en Coatzintla"},"content":{"rendered":"\n<p><strong>Juan Arcos <\/strong><\/p>\n\n\n\n<p>Xalapa, Ver.- Pobladores de Coatzintla protestaron frente a Palacio de Gobierno para denunciar que fueron desalojados de un predio, por instrucciones de la alcaldesa Patricia Cruz Matheis.<\/p>\n\n\n\n<p>Los quejosos comentaron que se trata de unas diez familias afectadas que carecen de una vivienda y son de escasos recursos.<br>\u201cVenimos a pedir justicia al gobernador porque nos desaloj\u00f3 la alcaldesa de Coatzintla, sin tener un papel en la mano y nosotros tenemos un papel de posesi\u00f3n\u201d, expresaron.\u00a0<\/p>\n\n\n\n<p>De acuerdo con Blandina Salas P\u00e9rez, una de mis afectados, las casas fueron destrozadas por polic\u00edas municipales y estatales.\u00a0<br>\u201cNos sacaron de un terreno, los camioneros (de un sindicato). Ella (la alcaldesa) es la autora intelectual. Queremos justicia porque nos agredieron\u201d.<\/p>\n\n\n\n<p>En ese sentido, pidi\u00f3 su intervenci\u00f3n al gobernador del estado, Cuitl\u00e1huac Garc\u00eda Jim\u00e9nez, para solucionar el conflicto lo antes posible.<\/p>\n\n\n\n<p>\u201cLlamamos a la polic\u00eda, la polic\u00eda nada m\u00e1s se cruzaba de brazos y dec\u00eda que estaba desentendida, queremos justicia, nos sac\u00f3 de nuestros terrenos, de nuestras casas\u201d.<\/p>\n\n\n\n<p>Los quejosos amagaron con seguir manifest\u00e1ndose contra la Presidenta Municipal para que les devuelvan sus terrenos para construir nuevamente sus casas.<\/p>\n","protected":false},"excerpt":{"rendered":"<p>Juan Arcos Xalapa, Ver.- Pobladores de Coatzintla protestaron frente a Palacio de Gobierno para denunciar que fueron desalojados de un predio, por instrucciones de la alcaldesa Patricia Cruz Matheis. Los quejosos comentaron que se trata de unas diez familias afectadas que carecen de una vivienda y son de escasos recursos.\u201cVenimos a pedir justicia al gobernador [&hellip;]<\/p>\n","protected":false},"author":1,"featured_media":8285,"comment_status":"open","ping_status":"open","sticky":false,"template":"","format":"standard","meta":{"_jetpack_memberships_contains_paid_content":false,"footnotes":""},"categories":[3],"tags":[],"class_list":["post-8284","post","type-post","status-publish","format-standard","has-post-thumbnail","hentry","category-xalapa"],"jetpack_featured_media_url":"https:\/\/encuentroinformativo.com.mx\/wp-content\/uploads\/2020\/11\/94455CBA-7E88-456D-BE6D-702423B26C36.jpeg","jetpack_sharing_enabled":true,"jetpack_likes_enabled":true,"amp_enabled":true,"_links":{"self":[{"href":"https:\/\/encuentroinformativo.com.mx\/index.php?rest_route=\/wp\/v2\/posts\/8284","targetHints":{"allow":["GET"]}}],"collection":[{"href":"https:\/\/encuentroinformativo.com.mx\/index.php?rest_route=\/wp\/v2\/posts"}],"about":[{"href":"https:\/\/encuentroinformativo.com.mx\/index.php?rest_route=\/wp\/v2\/types\/post"}],"author":[{"embeddable":true,"href":"https:\/\/encuentroinformativo.com.mx\/index.php?rest_route=\/wp\/v2\/users\/1"}],"replies":[{"embeddable":true,"href":"https:\/\/encuentroinformativo.com.mx\/index.php?rest_route=%2Fwp%2Fv2%2Fcomments&post=8284"}],"version-history":[{"count":1,"href":"https:\/\/encuentroinformativo.com.mx\/index.php?rest_route=\/wp\/v2\/posts\/8284\/revisions"}],"predecessor-version":[{"id":8286,"href":"https:\/\/encuentroinformativo.com.mx\/index.php?rest_route=\/wp\/v2\/posts\/8284\/revisions\/8286"}],"wp:featuredmedia":[{"embeddable":true,"href":"https:\/\/encuentroinformativo.com.mx\/index.php?rest_route=\/wp\/v2\/media\/8285"}],"wp:attachment":[{"href":"https:\/\/encuentroinformativo.com.mx\/index.php?rest_route=%2Fwp%2Fv2%2Fmedia&parent=8284"}],"wp:term":[{"taxonomy":"category","embeddable":true,"href":"https:\/\/encuentroinformativo.com.mx\/index.php?rest_route=%2Fwp%2Fv2%2Fcategories&post=8284"},{"taxonomy":"post_tag","embeddable":true,"href":"https:\/\/encuentroinformativo.com.mx\/index.php?rest_route=%2Fwp%2Fv2%2Ftags&post=8284"}],"curies":[{"name":"wp","href":"https:\/\/api.w.org\/{rel}","templated":true}]}}