{"id":8294,"date":"2020-11-20T17:39:29","date_gmt":"2020-11-20T23:39:29","guid":{"rendered":"https:\/\/encuentroinformativo.com.mx\/?p=8294"},"modified":"2020-11-20T17:39:36","modified_gmt":"2020-11-20T23:39:36","slug":"reactivacion-en-sector-turistico-podria-extenderse-hasta-el-2022","status":"publish","type":"post","link":"https:\/\/encuentroinformativo.com.mx\/?p=8294","title":{"rendered":"Reactivaci\u00f3n en sector tur\u00edstico podr\u00eda extenderse hasta el 2022"},"content":{"rendered":"\n<p><strong>Juan Arcos <\/strong><\/p>\n\n\n\n<p>Xalapa, Ver.- La recuperaci\u00f3n econ\u00f3mica del sector tur\u00edstico en Veracruz podr\u00eda prolongarse hasta 2022 por la pandemia del SARS-COV-2 (COVID-19).<\/p>\n\n\n\n<p>As\u00ed lo dio a conocer la titular de la Secretar\u00eda de Turismo (Sectur), X\u00f3chitl Arbes\u00fa Lago, quien a\u00f1adi\u00f3 que este sector ha sido uno de los m\u00e1s afectados por la emergencia sanitaria.\u00a0<\/p>\n\n\n\n<p>La funcionaria estatal record\u00f3 que el programa comercial Buen Fin permiti\u00f3 un repunte en la ocupaci\u00f3n hotelera del 20 por ciento en la entidad.<\/p>\n\n\n\n<p>\u201cEsto es parte de una recuperaci\u00f3n lenta pero constante que tenemos del sector tur\u00edstico cultural, es evidente que es uno de los segmentos m\u00e1s golpeados por la pandemia y que todav\u00eda va a tardar buena parte del 2021 y hasta 2022 en los niveles que traemos sobre todo en derrama econ\u00f3mica y ocupaci\u00f3n hotelera\u201d.<\/p>\n\n\n\n<p>La entrevistada opin\u00f3 que el estado de Veracruz podr\u00eda cerrar el a\u00f1o con una ocupaci\u00f3n hotelera del 26 por ciento, lo que representa una gran disminuci\u00f3n en comparaci\u00f3n con 2019.<\/p>\n\n\n\n<p>Adem\u00e1s, mencion\u00f3 que en la zona conurbada Veracruz-Boca del R\u00edo han alcanzado una ocupaci\u00f3n del 50 o 60 por ciento, durante algunos fines de semana.<\/p>\n\n\n\n<p>\u201cPero en octubre y lo que va de noviembre tenemos un incremento importante en las zonas de turismo rural, es decir, todo lo que es caba\u00f1as, eco-caba\u00f1as, en altas monta\u00f1as y en Los Tuxtlas est\u00e1 repuntando bastante, en la zona como Veracruz-Boca del R\u00edo tienen una ocupaci\u00f3n un poco m\u00e1s baja aunque en algunos fines de semana llega al 50 y 60 por ciento\u201d, remat\u00f3.<\/p>\n","protected":false},"excerpt":{"rendered":"<p>Juan Arcos Xalapa, Ver.- La recuperaci\u00f3n econ\u00f3mica del sector tur\u00edstico en Veracruz podr\u00eda prolongarse hasta 2022 por la pandemia del SARS-COV-2 (COVID-19). As\u00ed lo dio a conocer la titular de la Secretar\u00eda de Turismo (Sectur), X\u00f3chitl Arbes\u00fa Lago, quien a\u00f1adi\u00f3 que este sector ha sido uno de los m\u00e1s afectados por la emergencia sanitaria.\u00a0 La [&hellip;]<\/p>\n","protected":false},"author":1,"featured_media":8295,"comment_status":"open","ping_status":"open","sticky":false,"template":"","format":"standard","meta":{"_jetpack_memberships_contains_paid_content":false,"footnotes":""},"categories":[2],"tags":[],"class_list":["post-8294","post","type-post","status-publish","format-standard","has-post-thumbnail","hentry","category-estado"],"jetpack_featured_media_url":"https:\/\/encuentroinformativo.com.mx\/wp-content\/uploads\/2020\/11\/35BF8457-D28E-4C20-BD23-9CC7C53F4BDC.jpeg","jetpack_sharing_enabled":true,"jetpack_likes_enabled":true,"amp_enabled":true,"_links":{"self":[{"href":"https:\/\/encuentroinformativo.com.mx\/index.php?rest_route=\/wp\/v2\/posts\/8294","targetHints":{"allow":["GET"]}}],"collection":[{"href":"https:\/\/encuentroinformativo.com.mx\/index.php?rest_route=\/wp\/v2\/posts"}],"about":[{"href":"https:\/\/encuentroinformativo.com.mx\/index.php?rest_route=\/wp\/v2\/types\/post"}],"author":[{"embeddable":true,"href":"https:\/\/encuentroinformativo.com.mx\/index.php?rest_route=\/wp\/v2\/users\/1"}],"replies":[{"embeddable":true,"href":"https:\/\/encuentroinformativo.com.mx\/index.php?rest_route=%2Fwp%2Fv2%2Fcomments&post=8294"}],"version-history":[{"count":1,"href":"https:\/\/encuentroinformativo.com.mx\/index.php?rest_route=\/wp\/v2\/posts\/8294\/revisions"}],"predecessor-version":[{"id":8296,"href":"https:\/\/encuentroinformativo.com.mx\/index.php?rest_route=\/wp\/v2\/posts\/8294\/revisions\/8296"}],"wp:featuredmedia":[{"embeddable":true,"href":"https:\/\/encuentroinformativo.com.mx\/index.php?rest_route=\/wp\/v2\/media\/8295"}],"wp:attachment":[{"href":"https:\/\/encuentroinformativo.com.mx\/index.php?rest_route=%2Fwp%2Fv2%2Fmedia&parent=8294"}],"wp:term":[{"taxonomy":"category","embeddable":true,"href":"https:\/\/encuentroinformativo.com.mx\/index.php?rest_route=%2Fwp%2Fv2%2Fcategories&post=8294"},{"taxonomy":"post_tag","embeddable":true,"href":"https:\/\/encuentroinformativo.com.mx\/index.php?rest_route=%2Fwp%2Fv2%2Ftags&post=8294"}],"curies":[{"name":"wp","href":"https:\/\/api.w.org\/{rel}","templated":true}]}}