{"id":8297,"date":"2020-11-20T22:29:39","date_gmt":"2020-11-21T04:29:39","guid":{"rendered":"https:\/\/encuentroinformativo.com.mx\/?p=8297"},"modified":"2020-11-20T22:29:42","modified_gmt":"2020-11-21T04:29:42","slug":"regresaremos-el-poder-a-la-sociedad-unidad-ciudadana","status":"publish","type":"post","link":"https:\/\/encuentroinformativo.com.mx\/?p=8297","title":{"rendered":"Regresaremos el poder a la sociedad: Unidad Ciudadana"},"content":{"rendered":"\n<p>San Andr\u00e9s Tuxtla, Ver.- &#8220;Con Unidad Ciudadana, vamos a regresar el poder a la sociedad, a personas honradas y trabajadoras que quieren el progreso de sus municipios y de Veracruz&#8221;, as\u00ed lo manifest\u00f3 el Secretario General de Unidad Ciudadana, Francisco Hern\u00e1ndez Toriz, quien este fin de semana, inaugur\u00f3 los comit\u00e9s municipales en San Andr\u00e9s Tuxtla y Catemaco.<\/p>\n\n\n\n<p>Siguiendo los protocolos pertinentes por la pandemia del Covid 19, representantes de Unidad Ciudadana, acudieron a tomar la protesta correspondiente a integrantes de Comit\u00e9s del partido quienes de manera entusiasta deciden participar en esta nueva\u00a0opci\u00f3n para Veracruz, confiados en la representaci\u00f3n de Cinthya Lobato Calder\u00f3n, ex diputada local y ahora Presidenta de esa instituci\u00f3n pol\u00edtica.<\/p>\n\n\n\n<p>En la zona de los Tuxtlas, tambi\u00e9n conocida como la Suiza veracruzana, y pese a las inclemencias del tiempo que nos trae la temporada de frentes fr\u00edos, eso no fue obst\u00e1culo para poder cumplir con los compromisos de Unidad Ciudadana: escuchar y recoger las inquietudes y propuestas de cada habitante que se acerca a querer participar en el progreso de la tierra que lo vio nacer y donde cada d\u00eda trabajan por sus familias y que actualmente buscan nuevas oportunidades de participaci\u00f3n y &nbsp;desarrollo.<\/p>\n","protected":false},"excerpt":{"rendered":"<p>San Andr\u00e9s Tuxtla, Ver.- &#8220;Con Unidad Ciudadana, vamos a regresar el poder a la sociedad, a personas honradas y trabajadoras que quieren el progreso de sus municipios y de Veracruz&#8221;, as\u00ed lo manifest\u00f3 el Secretario General de Unidad Ciudadana, Francisco Hern\u00e1ndez Toriz, quien este fin de semana, inaugur\u00f3 los comit\u00e9s municipales en San Andr\u00e9s Tuxtla [&hellip;]<\/p>\n","protected":false},"author":1,"featured_media":8298,"comment_status":"open","ping_status":"open","sticky":false,"template":"","format":"standard","meta":{"_jetpack_memberships_contains_paid_content":false,"footnotes":""},"categories":[2],"tags":[],"class_list":["post-8297","post","type-post","status-publish","format-standard","has-post-thumbnail","hentry","category-estado"],"jetpack_featured_media_url":"https:\/\/encuentroinformativo.com.mx\/wp-content\/uploads\/2020\/11\/A715416B-B75B-4BFF-91CA-9E5B5E322BED.jpeg","jetpack_sharing_enabled":true,"jetpack_likes_enabled":true,"amp_enabled":true,"_links":{"self":[{"href":"https:\/\/encuentroinformativo.com.mx\/index.php?rest_route=\/wp\/v2\/posts\/8297","targetHints":{"allow":["GET"]}}],"collection":[{"href":"https:\/\/encuentroinformativo.com.mx\/index.php?rest_route=\/wp\/v2\/posts"}],"about":[{"href":"https:\/\/encuentroinformativo.com.mx\/index.php?rest_route=\/wp\/v2\/types\/post"}],"author":[{"embeddable":true,"href":"https:\/\/encuentroinformativo.com.mx\/index.php?rest_route=\/wp\/v2\/users\/1"}],"replies":[{"embeddable":true,"href":"https:\/\/encuentroinformativo.com.mx\/index.php?rest_route=%2Fwp%2Fv2%2Fcomments&post=8297"}],"version-history":[{"count":1,"href":"https:\/\/encuentroinformativo.com.mx\/index.php?rest_route=\/wp\/v2\/posts\/8297\/revisions"}],"predecessor-version":[{"id":8299,"href":"https:\/\/encuentroinformativo.com.mx\/index.php?rest_route=\/wp\/v2\/posts\/8297\/revisions\/8299"}],"wp:featuredmedia":[{"embeddable":true,"href":"https:\/\/encuentroinformativo.com.mx\/index.php?rest_route=\/wp\/v2\/media\/8298"}],"wp:attachment":[{"href":"https:\/\/encuentroinformativo.com.mx\/index.php?rest_route=%2Fwp%2Fv2%2Fmedia&parent=8297"}],"wp:term":[{"taxonomy":"category","embeddable":true,"href":"https:\/\/encuentroinformativo.com.mx\/index.php?rest_route=%2Fwp%2Fv2%2Fcategories&post=8297"},{"taxonomy":"post_tag","embeddable":true,"href":"https:\/\/encuentroinformativo.com.mx\/index.php?rest_route=%2Fwp%2Fv2%2Ftags&post=8297"}],"curies":[{"name":"wp","href":"https:\/\/api.w.org\/{rel}","templated":true}]}}