{"id":8310,"date":"2020-11-21T08:35:17","date_gmt":"2020-11-21T14:35:17","guid":{"rendered":"https:\/\/encuentroinformativo.com.mx\/?p=8310"},"modified":"2020-11-21T00:37:11","modified_gmt":"2020-11-21T06:37:11","slug":"desde-junio-se-preparan-productores-de-flor-de-nochebuena","status":"publish","type":"post","link":"https:\/\/encuentroinformativo.com.mx\/?p=8310","title":{"rendered":"Desde junio, se preparan productores de flor de nochebuena"},"content":{"rendered":"\n<p><strong>Guadalupe Contreras<\/strong><\/p>\n\n\n\n<p>Xalapa, Ver.- Productores de flor de nochebuena que se instalan en el parque do\u00f1a Falla, se han preparado desde el pasado mes de junio para cultivar las tradicionales flores y que \u00e9stas est\u00e9n acordes a la temporada navide\u00f1a.&nbsp;<\/p>\n\n\n\n<p>As\u00ed lo dio a conocer Eduardo Guerrero quien junto con su familia se dedican a la producci\u00f3n de plantas y cuentan con un estante en el parque para comercializarlas, reconoci\u00f3 que la pandemia por Covid ha generado severos problemas por lo que conf\u00edan en que este fin de semana las ventas repunten.&nbsp;<\/p>\n\n\n\n<p>En ese sentido explic\u00f3: \u201cNosotros tenemos el centro de producci\u00f3n de las plantas que vendemos ac\u00e1 en la comunidad Limones, de Cosautl\u00e1n de Carvajal. Nosotros nos dedicamos a producir todo el a\u00f1o lo que son flores de temporada, suculentas, y arom\u00e1ticas como son romero, or\u00e9ganos, lavanda, estevias y ahorita por la temporada lo que producimos son las nochebuenas\u201d.&nbsp;<\/p>\n\n\n\n<p>La producci\u00f3n la comenzamos desde el mes de junio -detall\u00f3- comenzamos produciendo las que son m\u00e1s grandes de ocho pulgadas, de ah\u00ed en el lapso de agosto a septiembre empezamos a sembrar las que son de seis pulgadas, la tradicional y tambi\u00e9n nivelamos en ese tiempo las que son m\u00e1s peque\u00f1as.&nbsp;<\/p>\n\n\n\n<p>Eduardo se\u00f1al\u00f3 que debido a la pandemia los \u00faltimos meses han sido dif\u00edciles, pues ante el cierre obligado en que estuvo el parque registraron p\u00e9rdidas de muchas plantas que ya ten\u00edan cultivadas.<\/p>\n\n\n\n<p>\u201cLa verdad es que s\u00ed nos afecto demasiado porque hubo un par de meses en que se tuvo que cerrar, entonces la planta no es un producto que pueda conservarse demasiado tiempo, conforme van pasando los d\u00edas se va pasando y fue mucha planta la que se pas\u00f3 y ya no pudimos vender, se qued\u00f3 en el centro de producci\u00f3n y mucha de la planta tuvimos que tirarla y otra darla a un precio mucho m\u00e1s bajo del que estamos acostumbrados a manejar\u201d.<\/p>\n\n\n\n<p>Finalmente Eduardo Guerrero invit\u00f3 a la poblaci\u00f3n en general a consumir de manera local para contribuir a estabilizar la econom\u00eda de las familias que necesitan comercializar sus productos para tener ingresos.&nbsp;<\/p>\n\n\n\n<p>\u201cEsperamos que sea favorable la exposici\u00f3n de la flor de la nochebuena (parque do\u00f1a Falla) y que tengamos buenas ventas para ver si recuperamos un poco de lo que hemos estado invirtiendo\u2026 en estos tiempos de la pandemia apoyar a la econom\u00eda local es muy importante, consumir los productos que se est\u00e1n generando dentro de la ciudad o del estado para mantenernos un poco en la estabilidad econ\u00f3mica\u201d.<\/p>\n\n\n\n<figure class=\"wp-block-image size-large\"><img loading=\"lazy\" decoding=\"async\" width=\"1024\" height=\"647\" src=\"https:\/\/encuentroinformativo.com.mx\/wp-content\/uploads\/2020\/11\/D49605F1-C6A1-4815-923B-A0A1BAF15D11-1024x647.jpeg\" alt=\"\" class=\"wp-image-8305\" srcset=\"https:\/\/encuentroinformativo.com.mx\/wp-content\/uploads\/2020\/11\/D49605F1-C6A1-4815-923B-A0A1BAF15D11-1024x647.jpeg 1024w, https:\/\/encuentroinformativo.com.mx\/wp-content\/uploads\/2020\/11\/D49605F1-C6A1-4815-923B-A0A1BAF15D11-300x190.jpeg 300w, https:\/\/encuentroinformativo.com.mx\/wp-content\/uploads\/2020\/11\/D49605F1-C6A1-4815-923B-A0A1BAF15D11-768x485.jpeg 768w, https:\/\/encuentroinformativo.com.mx\/wp-content\/uploads\/2020\/11\/D49605F1-C6A1-4815-923B-A0A1BAF15D11.jpeg 1253w\" sizes=\"auto, (max-width: 1024px) 100vw, 1024px\" \/><\/figure>\n\n\n\n<figure class=\"wp-block-image size-large\"><img loading=\"lazy\" decoding=\"async\" width=\"768\" height=\"1024\" src=\"https:\/\/encuentroinformativo.com.mx\/wp-content\/uploads\/2020\/11\/C11C71B0-4560-491C-BBD5-D5AA0D4540E2-768x1024.jpeg\" alt=\"\" class=\"wp-image-8307\" srcset=\"https:\/\/encuentroinformativo.com.mx\/wp-content\/uploads\/2020\/11\/C11C71B0-4560-491C-BBD5-D5AA0D4540E2-768x1024.jpeg 768w, https:\/\/encuentroinformativo.com.mx\/wp-content\/uploads\/2020\/11\/C11C71B0-4560-491C-BBD5-D5AA0D4540E2-225x300.jpeg 225w, https:\/\/encuentroinformativo.com.mx\/wp-content\/uploads\/2020\/11\/C11C71B0-4560-491C-BBD5-D5AA0D4540E2.jpeg 960w\" sizes=\"auto, (max-width: 768px) 100vw, 768px\" \/><\/figure>\n\n\n\n<figure class=\"wp-block-image size-large\"><img loading=\"lazy\" decoding=\"async\" width=\"768\" height=\"1024\" src=\"https:\/\/encuentroinformativo.com.mx\/wp-content\/uploads\/2020\/11\/88C2532C-96B7-4562-86D8-6308F632F41C-768x1024.jpeg\" alt=\"\" class=\"wp-image-8306\" srcset=\"https:\/\/encuentroinformativo.com.mx\/wp-content\/uploads\/2020\/11\/88C2532C-96B7-4562-86D8-6308F632F41C-768x1024.jpeg 768w, https:\/\/encuentroinformativo.com.mx\/wp-content\/uploads\/2020\/11\/88C2532C-96B7-4562-86D8-6308F632F41C-225x300.jpeg 225w, https:\/\/encuentroinformativo.com.mx\/wp-content\/uploads\/2020\/11\/88C2532C-96B7-4562-86D8-6308F632F41C.jpeg 960w\" sizes=\"auto, (max-width: 768px) 100vw, 768px\" \/><\/figure>\n\n\n\n<figure class=\"wp-block-image size-large\"><img loading=\"lazy\" decoding=\"async\" width=\"1024\" height=\"717\" src=\"https:\/\/encuentroinformativo.com.mx\/wp-content\/uploads\/2020\/11\/CE6F90E5-F46D-471F-8AF7-100E96628EC4-1024x717.jpeg\" alt=\"\" class=\"wp-image-8309\" srcset=\"https:\/\/encuentroinformativo.com.mx\/wp-content\/uploads\/2020\/11\/CE6F90E5-F46D-471F-8AF7-100E96628EC4-1024x717.jpeg 1024w, https:\/\/encuentroinformativo.com.mx\/wp-content\/uploads\/2020\/11\/CE6F90E5-F46D-471F-8AF7-100E96628EC4-300x210.jpeg 300w, https:\/\/encuentroinformativo.com.mx\/wp-content\/uploads\/2020\/11\/CE6F90E5-F46D-471F-8AF7-100E96628EC4-768x538.jpeg 768w, https:\/\/encuentroinformativo.com.mx\/wp-content\/uploads\/2020\/11\/CE6F90E5-F46D-471F-8AF7-100E96628EC4.jpeg 1258w\" sizes=\"auto, (max-width: 1024px) 100vw, 1024px\" \/><\/figure>\n","protected":false},"excerpt":{"rendered":"<p>Guadalupe Contreras Xalapa, Ver.- Productores de flor de nochebuena que se instalan en el parque do\u00f1a Falla, se han preparado desde el pasado mes de junio para cultivar las tradicionales flores y que \u00e9stas est\u00e9n acordes a la temporada navide\u00f1a.&nbsp; As\u00ed lo dio a conocer Eduardo Guerrero quien junto con su familia se dedican a [&hellip;]<\/p>\n","protected":false},"author":1,"featured_media":8304,"comment_status":"open","ping_status":"open","sticky":false,"template":"","format":"standard","meta":{"_jetpack_memberships_contains_paid_content":false,"footnotes":""},"categories":[3],"tags":[],"class_list":["post-8310","post","type-post","status-publish","format-standard","has-post-thumbnail","hentry","category-xalapa"],"jetpack_featured_media_url":"https:\/\/encuentroinformativo.com.mx\/wp-content\/uploads\/2020\/11\/FCD2ECC9-B8F9-4EF6-8A0B-B638471E1427.jpeg","jetpack_sharing_enabled":true,"jetpack_likes_enabled":true,"amp_enabled":true,"_links":{"self":[{"href":"https:\/\/encuentroinformativo.com.mx\/index.php?rest_route=\/wp\/v2\/posts\/8310","targetHints":{"allow":["GET"]}}],"collection":[{"href":"https:\/\/encuentroinformativo.com.mx\/index.php?rest_route=\/wp\/v2\/posts"}],"about":[{"href":"https:\/\/encuentroinformativo.com.mx\/index.php?rest_route=\/wp\/v2\/types\/post"}],"author":[{"embeddable":true,"href":"https:\/\/encuentroinformativo.com.mx\/index.php?rest_route=\/wp\/v2\/users\/1"}],"replies":[{"embeddable":true,"href":"https:\/\/encuentroinformativo.com.mx\/index.php?rest_route=%2Fwp%2Fv2%2Fcomments&post=8310"}],"version-history":[{"count":1,"href":"https:\/\/encuentroinformativo.com.mx\/index.php?rest_route=\/wp\/v2\/posts\/8310\/revisions"}],"predecessor-version":[{"id":8311,"href":"https:\/\/encuentroinformativo.com.mx\/index.php?rest_route=\/wp\/v2\/posts\/8310\/revisions\/8311"}],"wp:featuredmedia":[{"embeddable":true,"href":"https:\/\/encuentroinformativo.com.mx\/index.php?rest_route=\/wp\/v2\/media\/8304"}],"wp:attachment":[{"href":"https:\/\/encuentroinformativo.com.mx\/index.php?rest_route=%2Fwp%2Fv2%2Fmedia&parent=8310"}],"wp:term":[{"taxonomy":"category","embeddable":true,"href":"https:\/\/encuentroinformativo.com.mx\/index.php?rest_route=%2Fwp%2Fv2%2Fcategories&post=8310"},{"taxonomy":"post_tag","embeddable":true,"href":"https:\/\/encuentroinformativo.com.mx\/index.php?rest_route=%2Fwp%2Fv2%2Ftags&post=8310"}],"curies":[{"name":"wp","href":"https:\/\/api.w.org\/{rel}","templated":true}]}}