{"id":8322,"date":"2020-11-21T14:43:47","date_gmt":"2020-11-21T20:43:47","guid":{"rendered":"https:\/\/encuentroinformativo.com.mx\/?p=8322"},"modified":"2020-11-21T14:43:50","modified_gmt":"2020-11-21T20:43:50","slug":"aumentan-recorridos-en-puntos-de-busqueda-en-veracruz","status":"publish","type":"post","link":"https:\/\/encuentroinformativo.com.mx\/?p=8322","title":{"rendered":"Aumentan recorridos  en puntos de b\u00fasqueda en Veracruz"},"content":{"rendered":"\n<p><strong>Dar\u00edo Pale <\/strong><\/p>\n\n\n\n<p>Xalapa, Ver.- La\u00a0encargada de despacho de la Comisi\u00f3n Estatal de B\u00fasqueda, Brenda Cer\u00f3n Chagoya,\u00a0dio a conocer que siguen en\u00a0aumentando los puntos de b\u00fasqueda donde hay posibilidad de encontrar restos de personas desaparecidas en Veracruz, principalmente en la zona norte y sur del estado.<\/p>\n\n\n\n<p>En entrevista se\u00f1al\u00f3 que\u00a0est\u00e1n por descartar varios lugares donde se presum\u00eda se encontraban restos de personas desaparecidas, no obstante la\u00a0funcionaria estatal mencion\u00f3 que se est\u00e1n llevando recorridos en diversos puntos de la entidad tanto zona norte como sur.<\/p>\n\n\n\n<p>Explic\u00f3 que a trav\u00e9s de planes regionales se identifican puntos de inter\u00e9s que si bien, pueden o no ser intervenidos, se estudian como posibilidad de que se encuentren\u00a0 restos de desaparecidos.<\/p>\n\n\n\n<p>&#8220;Siempre hay nuevos lugares porque la investigaci\u00f3n orienta a la b\u00fasqueda y conforme va avanzando la investigaci\u00f3n, tenemos que ir descartando ciertos lugares. Por sigilo de las investigaciones no podemos descartar todos juntos. Estamos por descartar varios lugares&#8221;, se\u00f1al\u00f3.<\/p>\n\n\n\n<p>A pregunta expresa sobre la ubicaci\u00f3n de estos, \u00fanicamente dijo que se trata de la zona norte y zona sur aunque previamente detall\u00f3 que es en la zona norte donde se ubica la mayor cantidad con 13 puntos actualmente y la posibilidad de que se agreguen m\u00e1s, 10 en la zona centro y 11 en la zona sur.<\/p>\n\n\n\n<p>Se\u00f1al\u00f3 que semanalmente realizan un reporte de personas desaparecidas o no localizadas, adem\u00e1s de\u00a0que entre el 60 por ciento de las personas localizadas se debi\u00f3 por una ausencia voluntaria.<\/p>\n\n\n\n<p>&#8220;Tenemos en el mecanismo estatal de coordinaci\u00f3n el conocimiento de que ha habido identificaci\u00f3n de las personas recuperadas en algunos predios. Lo tendr\u00eda que ampliar la Fiscal\u00eda&#8221;, inform\u00f3.<\/p>\n\n\n\n<p>Por \u00faltimo inform\u00f3 que las b\u00fasquedas en campo se suspender\u00e1n a partir del 18 de diciembre con motivo del periodo vacacional de fin de a\u00f1o y se retomar\u00e1n a inicios del siguiente.<\/p>\n","protected":false},"excerpt":{"rendered":"<p>Dar\u00edo Pale Xalapa, Ver.- La\u00a0encargada de despacho de la Comisi\u00f3n Estatal de B\u00fasqueda, Brenda Cer\u00f3n Chagoya,\u00a0dio a conocer que siguen en\u00a0aumentando los puntos de b\u00fasqueda donde hay posibilidad de encontrar restos de personas desaparecidas en Veracruz, principalmente en la zona norte y sur del estado. En entrevista se\u00f1al\u00f3 que\u00a0est\u00e1n por descartar varios lugares donde se [&hellip;]<\/p>\n","protected":false},"author":1,"featured_media":8323,"comment_status":"open","ping_status":"open","sticky":false,"template":"","format":"standard","meta":{"_jetpack_memberships_contains_paid_content":false,"footnotes":""},"categories":[2],"tags":[],"class_list":["post-8322","post","type-post","status-publish","format-standard","has-post-thumbnail","hentry","category-estado"],"jetpack_featured_media_url":"https:\/\/encuentroinformativo.com.mx\/wp-content\/uploads\/2020\/11\/BA6B7A25-35B1-47BD-9927-F92BB1A2E2DB.jpeg","jetpack_sharing_enabled":true,"jetpack_likes_enabled":true,"amp_enabled":true,"_links":{"self":[{"href":"https:\/\/encuentroinformativo.com.mx\/index.php?rest_route=\/wp\/v2\/posts\/8322","targetHints":{"allow":["GET"]}}],"collection":[{"href":"https:\/\/encuentroinformativo.com.mx\/index.php?rest_route=\/wp\/v2\/posts"}],"about":[{"href":"https:\/\/encuentroinformativo.com.mx\/index.php?rest_route=\/wp\/v2\/types\/post"}],"author":[{"embeddable":true,"href":"https:\/\/encuentroinformativo.com.mx\/index.php?rest_route=\/wp\/v2\/users\/1"}],"replies":[{"embeddable":true,"href":"https:\/\/encuentroinformativo.com.mx\/index.php?rest_route=%2Fwp%2Fv2%2Fcomments&post=8322"}],"version-history":[{"count":1,"href":"https:\/\/encuentroinformativo.com.mx\/index.php?rest_route=\/wp\/v2\/posts\/8322\/revisions"}],"predecessor-version":[{"id":8324,"href":"https:\/\/encuentroinformativo.com.mx\/index.php?rest_route=\/wp\/v2\/posts\/8322\/revisions\/8324"}],"wp:featuredmedia":[{"embeddable":true,"href":"https:\/\/encuentroinformativo.com.mx\/index.php?rest_route=\/wp\/v2\/media\/8323"}],"wp:attachment":[{"href":"https:\/\/encuentroinformativo.com.mx\/index.php?rest_route=%2Fwp%2Fv2%2Fmedia&parent=8322"}],"wp:term":[{"taxonomy":"category","embeddable":true,"href":"https:\/\/encuentroinformativo.com.mx\/index.php?rest_route=%2Fwp%2Fv2%2Fcategories&post=8322"},{"taxonomy":"post_tag","embeddable":true,"href":"https:\/\/encuentroinformativo.com.mx\/index.php?rest_route=%2Fwp%2Fv2%2Ftags&post=8322"}],"curies":[{"name":"wp","href":"https:\/\/api.w.org\/{rel}","templated":true}]}}