{"id":8328,"date":"2020-11-21T16:55:21","date_gmt":"2020-11-21T22:55:21","guid":{"rendered":"https:\/\/encuentroinformativo.com.mx\/?p=8328"},"modified":"2020-11-21T16:55:24","modified_gmt":"2020-11-21T22:55:24","slug":"refuerzan-equipo-de-bomberos-en-alvarado","status":"publish","type":"post","link":"https:\/\/encuentroinformativo.com.mx\/?p=8328","title":{"rendered":"Refuerzan equipo de bomberos en Alvarado"},"content":{"rendered":"\n<p><strong>Alejandro \u00c1vila<\/strong><\/p>\n\n\n\n<p>Alvarado, Ver.- El Ayuntamiento de Alvarado, que encabeza Bogar Ruiz Rosas, hizo entrega de equipo para combatir incendios a la direcci\u00f3n de Protecci\u00f3n Civil.<\/p>\n\n\n\n<p>Se trata de una unidad de ataque r\u00e1pido contra incendios, as\u00ed como una canioneta 4&#215;4 equipada, adem\u00e1s de una lancha para la atenci\u00f3n de emergencias en los sistemas lagunares, r\u00edos y mares que abarca el territorio alvarade\u00f1o.<\/p>\n\n\n\n<p>Cabe se\u00f1alar que durante las \u00faltimas semanas y tras los Frentes Frios, se han generado diversas actividades que ha combatido la direcci\u00f3n de Protecci\u00f3n Civil municipal.<\/p>\n\n\n\n<p>De la misma manera, la unidad acu\u00e1tica respaldar\u00e1 las acciones de vigilancia en las playas del municipio, mismas que han permanecido en constante monitoreo durante la contingencia sanitaria, pues durante un tiempo permanecieron cerradas por disposici\u00f3n estatal, aunque hab\u00eda personas que acud\u00edan a estos sitios y a quienes se les recomendaba retirarse del lugar por recomendaci\u00f3n de la Secretar\u00eda de Salud.<\/p>\n","protected":false},"excerpt":{"rendered":"<p>Alejandro \u00c1vila Alvarado, Ver.- El Ayuntamiento de Alvarado, que encabeza Bogar Ruiz Rosas, hizo entrega de equipo para combatir incendios a la direcci\u00f3n de Protecci\u00f3n Civil. Se trata de una unidad de ataque r\u00e1pido contra incendios, as\u00ed como una canioneta 4&#215;4 equipada, adem\u00e1s de una lancha para la atenci\u00f3n de emergencias en los sistemas lagunares, [&hellip;]<\/p>\n","protected":false},"author":1,"featured_media":8329,"comment_status":"open","ping_status":"open","sticky":false,"template":"","format":"standard","meta":{"_jetpack_memberships_contains_paid_content":false,"footnotes":""},"categories":[2],"tags":[],"class_list":["post-8328","post","type-post","status-publish","format-standard","has-post-thumbnail","hentry","category-estado"],"jetpack_featured_media_url":"https:\/\/encuentroinformativo.com.mx\/wp-content\/uploads\/2020\/11\/DDF23C61-4743-4778-9AE0-CDEF25B9954D.jpeg","jetpack_sharing_enabled":true,"jetpack_likes_enabled":true,"amp_enabled":true,"_links":{"self":[{"href":"https:\/\/encuentroinformativo.com.mx\/index.php?rest_route=\/wp\/v2\/posts\/8328","targetHints":{"allow":["GET"]}}],"collection":[{"href":"https:\/\/encuentroinformativo.com.mx\/index.php?rest_route=\/wp\/v2\/posts"}],"about":[{"href":"https:\/\/encuentroinformativo.com.mx\/index.php?rest_route=\/wp\/v2\/types\/post"}],"author":[{"embeddable":true,"href":"https:\/\/encuentroinformativo.com.mx\/index.php?rest_route=\/wp\/v2\/users\/1"}],"replies":[{"embeddable":true,"href":"https:\/\/encuentroinformativo.com.mx\/index.php?rest_route=%2Fwp%2Fv2%2Fcomments&post=8328"}],"version-history":[{"count":1,"href":"https:\/\/encuentroinformativo.com.mx\/index.php?rest_route=\/wp\/v2\/posts\/8328\/revisions"}],"predecessor-version":[{"id":8330,"href":"https:\/\/encuentroinformativo.com.mx\/index.php?rest_route=\/wp\/v2\/posts\/8328\/revisions\/8330"}],"wp:featuredmedia":[{"embeddable":true,"href":"https:\/\/encuentroinformativo.com.mx\/index.php?rest_route=\/wp\/v2\/media\/8329"}],"wp:attachment":[{"href":"https:\/\/encuentroinformativo.com.mx\/index.php?rest_route=%2Fwp%2Fv2%2Fmedia&parent=8328"}],"wp:term":[{"taxonomy":"category","embeddable":true,"href":"https:\/\/encuentroinformativo.com.mx\/index.php?rest_route=%2Fwp%2Fv2%2Fcategories&post=8328"},{"taxonomy":"post_tag","embeddable":true,"href":"https:\/\/encuentroinformativo.com.mx\/index.php?rest_route=%2Fwp%2Fv2%2Ftags&post=8328"}],"curies":[{"name":"wp","href":"https:\/\/api.w.org\/{rel}","templated":true}]}}