{"id":8336,"date":"2020-11-22T12:39:25","date_gmt":"2020-11-22T18:39:25","guid":{"rendered":"https:\/\/encuentroinformativo.com.mx\/?p=8336"},"modified":"2020-11-22T12:39:29","modified_gmt":"2020-11-22T18:39:29","slug":"reactivan-actividad-deportiva-en-medellin","status":"publish","type":"post","link":"https:\/\/encuentroinformativo.com.mx\/?p=8336","title":{"rendered":"Reactivan actividad deportiva en Medell\u00edn"},"content":{"rendered":"\n<p><strong>Alejandro \u00c1vila<\/strong><\/p>\n\n\n\n<p>Medell\u00edn de Bravo, Ver.- En la localidad de Los Robles, municipio de Medell\u00edn de Bravo se llev\u00f3 a cabo la inauguraci\u00f3n del torneo de futbol 7 &#8220;Jovenes en Movimiento&#8221;, con el cual se busca reactivar la actividad deportiva que qued\u00f3 detenida por la pandemia de COVID-19.<\/p>\n\n\n\n<p>Guillermo Herrada Jim\u00e9nez, encargado de la comisi\u00f3n directiva de MC, se\u00f1al\u00f3 que existe una iniciativa para reactivar las actividades deportivas en un municipio que es base de la Liga Veracruzana de Futbol, pues es ah\u00ed donde se llevan a cabo la mayor\u00eda de los encuentros en fin de semana.<\/p>\n\n\n\n<p>\u201cEstamos comprometidos para impulsar a todos los j\u00f3venes y motivarlos al deporte, doy las gracias a todos los que est\u00e1n aqu\u00ed y buscan salir adelante; nuestro municipio est\u00e1 totalmente descuidado tenemos que caminar, esforzarnos y trabajar para mejorar nuestro municipio\u201d, se\u00f1al\u00f3 Guillermo Herrada.<\/p>\n\n\n\n<p>Este torneo cuenta con la participaci\u00f3n de 10 equipos procedentes de La Laguna, El Tejar, Pas\u00f3 del Toro y Los Robles, el ganador del evento se har\u00e1 acreedor de una motocicleta, mientras que el segundo lugar una bicicleta, y el tercer lugar tres pares de patines en l\u00ednea.<\/p>\n\n\n\n<p>El espacio recreativa donde se llevar\u00e1n a cabo los encuentros, es una cancha completamente rehabilitada con luminarias y equipamento nuevo que permiten realizar actividades deportivas a cualquier hora del d\u00eda.<\/p>\n\n\n\n<p>\u201cPor la situaci\u00f3n actual que se vive en todo el mundo necesitamos fomentar m\u00e1s el deporte para fortalecer nuestro sistema inmune, que la familia se una y los j\u00f3venes se alejen de situaciones complejas\u201d, coment\u00f3 el ex delantero de los Tiburones Rojos de Veracruz, Mart\u00edn Calder\u00f3n, invitado de honor.<\/p>\n\n\n\n<p>La patada inaugural estuvo cargo del Coordinador del Comit\u00e9 Municipal de Movimiento Ciudadano de Medell\u00edn de Bravo, Guillermo Herrada Jim\u00e9nez.<\/p>\n\n\n\n<p>\u201cLlegamos a encontrar un campo descuidado y aportando una peque\u00f1a muestra de lo que podemos dar, seguiremos impulsando y fomentando el deporte y actividades que orienten a nuestra juventud a cosas positivas y productivas\u201d, concluy\u00f3.<\/p>\n","protected":false},"excerpt":{"rendered":"<p>Alejandro \u00c1vila Medell\u00edn de Bravo, Ver.- En la localidad de Los Robles, municipio de Medell\u00edn de Bravo se llev\u00f3 a cabo la inauguraci\u00f3n del torneo de futbol 7 &#8220;Jovenes en Movimiento&#8221;, con el cual se busca reactivar la actividad deportiva que qued\u00f3 detenida por la pandemia de COVID-19. Guillermo Herrada Jim\u00e9nez, encargado de la comisi\u00f3n [&hellip;]<\/p>\n","protected":false},"author":1,"featured_media":8337,"comment_status":"open","ping_status":"open","sticky":false,"template":"","format":"standard","meta":{"_jetpack_memberships_contains_paid_content":false,"footnotes":""},"categories":[2],"tags":[],"class_list":["post-8336","post","type-post","status-publish","format-standard","has-post-thumbnail","hentry","category-estado"],"jetpack_featured_media_url":"https:\/\/encuentroinformativo.com.mx\/wp-content\/uploads\/2020\/11\/A853B621-014D-45DB-8F15-9B00AE900D18.jpeg","jetpack_sharing_enabled":true,"jetpack_likes_enabled":true,"amp_enabled":true,"_links":{"self":[{"href":"https:\/\/encuentroinformativo.com.mx\/index.php?rest_route=\/wp\/v2\/posts\/8336","targetHints":{"allow":["GET"]}}],"collection":[{"href":"https:\/\/encuentroinformativo.com.mx\/index.php?rest_route=\/wp\/v2\/posts"}],"about":[{"href":"https:\/\/encuentroinformativo.com.mx\/index.php?rest_route=\/wp\/v2\/types\/post"}],"author":[{"embeddable":true,"href":"https:\/\/encuentroinformativo.com.mx\/index.php?rest_route=\/wp\/v2\/users\/1"}],"replies":[{"embeddable":true,"href":"https:\/\/encuentroinformativo.com.mx\/index.php?rest_route=%2Fwp%2Fv2%2Fcomments&post=8336"}],"version-history":[{"count":1,"href":"https:\/\/encuentroinformativo.com.mx\/index.php?rest_route=\/wp\/v2\/posts\/8336\/revisions"}],"predecessor-version":[{"id":8338,"href":"https:\/\/encuentroinformativo.com.mx\/index.php?rest_route=\/wp\/v2\/posts\/8336\/revisions\/8338"}],"wp:featuredmedia":[{"embeddable":true,"href":"https:\/\/encuentroinformativo.com.mx\/index.php?rest_route=\/wp\/v2\/media\/8337"}],"wp:attachment":[{"href":"https:\/\/encuentroinformativo.com.mx\/index.php?rest_route=%2Fwp%2Fv2%2Fmedia&parent=8336"}],"wp:term":[{"taxonomy":"category","embeddable":true,"href":"https:\/\/encuentroinformativo.com.mx\/index.php?rest_route=%2Fwp%2Fv2%2Fcategories&post=8336"},{"taxonomy":"post_tag","embeddable":true,"href":"https:\/\/encuentroinformativo.com.mx\/index.php?rest_route=%2Fwp%2Fv2%2Ftags&post=8336"}],"curies":[{"name":"wp","href":"https:\/\/api.w.org\/{rel}","templated":true}]}}