{"id":8351,"date":"2020-11-22T14:29:51","date_gmt":"2020-11-22T20:29:51","guid":{"rendered":"https:\/\/encuentroinformativo.com.mx\/?p=8351"},"modified":"2020-11-22T14:29:54","modified_gmt":"2020-11-22T20:29:54","slug":"no-habra-aumento-en-costo-de-cartas-canirac","status":"publish","type":"post","link":"https:\/\/encuentroinformativo.com.mx\/?p=8351","title":{"rendered":"No habr\u00e1 aumento en costo de cartas: Canirac"},"content":{"rendered":"\n<p><strong>Alejandro \u00c1vila<\/strong><\/p>\n\n\n\n<p>Veracruz, Ver.- A pesar de que en las \u00faltimos d\u00edas se ha tenido un aumento en los precios de los insumos, el vicepresidente nacional de la C\u00e1mara Nacional de la Industria Restaurantera y Alimentos Condimentados (CANIRAC), Daniel Mart\u00edn Lois, dijo que no se tiene previsto haya un aumento en los costos de los productos que ofrecen.<\/p>\n\n\n\n<p>El empresario aclar\u00f3 que ha sido dificil iniciar la recuperaci\u00f3n econ\u00f3mica, pero han ido subiendo poco a poco sus n\u00fameros gracias a los permisos y apoyos que han obtenido, sobre todo en municipios como Veracruz y Boca del R\u00edo.<\/p>\n\n\n\n<p>&#8220;No creemos o no pensamos que seria factible subir los precios debido a la situaci\u00f3n econ\u00f3mica que estamos pasando a nivel nacional&#8221;, apunt\u00f3.<\/p>\n\n\n\n<p>Daniel Mart\u00edn Lois, mencion\u00f3 que lo importante es, primero, volver a recuperar a su clientela de base, la que manten\u00eda su negocio antes de la pandemia, la cual considera muchos han ido reincorporando d\u00eda a d\u00eda, posteriormente, aumentar al comensal ocasional, que es quien dije las ganancias.<\/p>\n\n\n\n<p>Finalmente, dijo que el fin de semana largo que se dio hace una semana ayud\u00f3 mucho a los comercios, y si la situaci\u00f3n sigue en aumento como se prevee, las temporada decembrina ser\u00e1 un \u00e9xito, no como otros a\u00f1os, pero s\u00ed ser\u00e1 un respiro importante para los empresarios restaurantetos, donde se\u00f1al\u00f3, ya est\u00e1n abiertos casi el 100 por ciento se bares y restaurantes de la zona metropolitana.<\/p>\n","protected":false},"excerpt":{"rendered":"<p>Alejandro \u00c1vila Veracruz, Ver.- A pesar de que en las \u00faltimos d\u00edas se ha tenido un aumento en los precios de los insumos, el vicepresidente nacional de la C\u00e1mara Nacional de la Industria Restaurantera y Alimentos Condimentados (CANIRAC), Daniel Mart\u00edn Lois, dijo que no se tiene previsto haya un aumento en los costos de los [&hellip;]<\/p>\n","protected":false},"author":1,"featured_media":8352,"comment_status":"open","ping_status":"open","sticky":false,"template":"","format":"standard","meta":{"_jetpack_memberships_contains_paid_content":false,"footnotes":""},"categories":[2],"tags":[],"class_list":["post-8351","post","type-post","status-publish","format-standard","has-post-thumbnail","hentry","category-estado"],"jetpack_featured_media_url":"https:\/\/encuentroinformativo.com.mx\/wp-content\/uploads\/2020\/11\/4C6FE583-66D5-44D7-A255-AC13F5D5F1D5.jpeg","jetpack_sharing_enabled":true,"jetpack_likes_enabled":true,"amp_enabled":true,"_links":{"self":[{"href":"https:\/\/encuentroinformativo.com.mx\/index.php?rest_route=\/wp\/v2\/posts\/8351","targetHints":{"allow":["GET"]}}],"collection":[{"href":"https:\/\/encuentroinformativo.com.mx\/index.php?rest_route=\/wp\/v2\/posts"}],"about":[{"href":"https:\/\/encuentroinformativo.com.mx\/index.php?rest_route=\/wp\/v2\/types\/post"}],"author":[{"embeddable":true,"href":"https:\/\/encuentroinformativo.com.mx\/index.php?rest_route=\/wp\/v2\/users\/1"}],"replies":[{"embeddable":true,"href":"https:\/\/encuentroinformativo.com.mx\/index.php?rest_route=%2Fwp%2Fv2%2Fcomments&post=8351"}],"version-history":[{"count":1,"href":"https:\/\/encuentroinformativo.com.mx\/index.php?rest_route=\/wp\/v2\/posts\/8351\/revisions"}],"predecessor-version":[{"id":8353,"href":"https:\/\/encuentroinformativo.com.mx\/index.php?rest_route=\/wp\/v2\/posts\/8351\/revisions\/8353"}],"wp:featuredmedia":[{"embeddable":true,"href":"https:\/\/encuentroinformativo.com.mx\/index.php?rest_route=\/wp\/v2\/media\/8352"}],"wp:attachment":[{"href":"https:\/\/encuentroinformativo.com.mx\/index.php?rest_route=%2Fwp%2Fv2%2Fmedia&parent=8351"}],"wp:term":[{"taxonomy":"category","embeddable":true,"href":"https:\/\/encuentroinformativo.com.mx\/index.php?rest_route=%2Fwp%2Fv2%2Fcategories&post=8351"},{"taxonomy":"post_tag","embeddable":true,"href":"https:\/\/encuentroinformativo.com.mx\/index.php?rest_route=%2Fwp%2Fv2%2Ftags&post=8351"}],"curies":[{"name":"wp","href":"https:\/\/api.w.org\/{rel}","templated":true}]}}