{"id":8354,"date":"2020-11-22T15:17:25","date_gmt":"2020-11-22T21:17:25","guid":{"rendered":"https:\/\/encuentroinformativo.com.mx\/?p=8354"},"modified":"2020-11-22T15:17:27","modified_gmt":"2020-11-22T21:17:27","slug":"docentes-solicitan-investigar-a-financieras-usureras","status":"publish","type":"post","link":"https:\/\/encuentroinformativo.com.mx\/?p=8354","title":{"rendered":"Docentes solicitan investigar a financieras \u201cusureras\u201d"},"content":{"rendered":"\n<p><strong>Juan Arcos <\/strong><\/p>\n\n\n\n<p>Xalapa, Ver.- Integrantes del Movimiento Magisterial Popular Veracruzano (MMPV) revelaron que ser\u00e1 conformada una comisi\u00f3n especial en el Congreso de la Uni\u00f3n para que se investigue, por medio de auditor\u00edas, la actuaci\u00f3n de financieras \u201cusureras\u201d en contubernio con la Secretar\u00eda de Educaci\u00f3n de Veracruz (SEV).<\/p>\n\n\n\n<p>De acuerdo con Jacinto Jes\u00fas Alfaro Rodr\u00edguez, integrante del MMPV, las financieras contin\u00faan realizando descuentos excesivos v\u00eda n\u00f3mina a los trabajadores de la educaci\u00f3n.<\/p>\n\n\n\n<p>\u201cQue se investigue la actuaci\u00f3n y el efecto de las financieras en la n\u00f3mina de la Secretar\u00eda de Educaci\u00f3n de Veracruz, apelamos a la transparencia de la informaci\u00f3n para que esto sea difundido\u201d.<\/p>\n\n\n\n<p>El entrevistado record\u00f3 que en m\u00faltiples ocasiones el Movimiento Magisterial, la Coordinadora Nacional de Trabajadores de la Educaci\u00f3n (CNTE) y otras organizaciones sindicales han tomado las oficinas centrales de la SEV por las presuntas anomal\u00edas que se han detectado en la dependencia.<\/p>\n\n\n\n<p>En ese sentido, opin\u00f3 que la Cuarta Transformaci\u00f3n que promueve el presidente de la Rep\u00fablica, Andr\u00e9s Manuel L\u00f3pez Obrador, no ha tenido efecto en Veracruz.<\/p>\n\n\n\n<p>\u201cHay una simulaci\u00f3n de una transformaci\u00f3n y se\u00f1alamos al secretario de educaci\u00f3n y se\u00f1alamos al gobernador por solapar tantas cosas que hemos se\u00f1alado en medios, hemos tomado la SEV en varias ocasiones, no solamente el MMPV\u201d.<\/p>\n\n\n\n<p>Alfaro Rodr\u00edguez pidi\u00f3 a autoridades estatales que respeten el di\u00e1logo y la libre manifestaci\u00f3n por parte de profesores que han denunciado anomal\u00edas en la SEV.<\/p>\n","protected":false},"excerpt":{"rendered":"<p>Juan Arcos Xalapa, Ver.- Integrantes del Movimiento Magisterial Popular Veracruzano (MMPV) revelaron que ser\u00e1 conformada una comisi\u00f3n especial en el Congreso de la Uni\u00f3n para que se investigue, por medio de auditor\u00edas, la actuaci\u00f3n de financieras \u201cusureras\u201d en contubernio con la Secretar\u00eda de Educaci\u00f3n de Veracruz (SEV). De acuerdo con Jacinto Jes\u00fas Alfaro Rodr\u00edguez, integrante [&hellip;]<\/p>\n","protected":false},"author":1,"featured_media":8355,"comment_status":"open","ping_status":"open","sticky":false,"template":"","format":"standard","meta":{"_jetpack_memberships_contains_paid_content":false,"footnotes":""},"categories":[3],"tags":[],"class_list":["post-8354","post","type-post","status-publish","format-standard","has-post-thumbnail","hentry","category-xalapa"],"jetpack_featured_media_url":"https:\/\/encuentroinformativo.com.mx\/wp-content\/uploads\/2020\/11\/93A6A4FA-51D4-41EA-87E6-C68D17ED9001.jpeg","jetpack_sharing_enabled":true,"jetpack_likes_enabled":true,"amp_enabled":true,"_links":{"self":[{"href":"https:\/\/encuentroinformativo.com.mx\/index.php?rest_route=\/wp\/v2\/posts\/8354","targetHints":{"allow":["GET"]}}],"collection":[{"href":"https:\/\/encuentroinformativo.com.mx\/index.php?rest_route=\/wp\/v2\/posts"}],"about":[{"href":"https:\/\/encuentroinformativo.com.mx\/index.php?rest_route=\/wp\/v2\/types\/post"}],"author":[{"embeddable":true,"href":"https:\/\/encuentroinformativo.com.mx\/index.php?rest_route=\/wp\/v2\/users\/1"}],"replies":[{"embeddable":true,"href":"https:\/\/encuentroinformativo.com.mx\/index.php?rest_route=%2Fwp%2Fv2%2Fcomments&post=8354"}],"version-history":[{"count":1,"href":"https:\/\/encuentroinformativo.com.mx\/index.php?rest_route=\/wp\/v2\/posts\/8354\/revisions"}],"predecessor-version":[{"id":8356,"href":"https:\/\/encuentroinformativo.com.mx\/index.php?rest_route=\/wp\/v2\/posts\/8354\/revisions\/8356"}],"wp:featuredmedia":[{"embeddable":true,"href":"https:\/\/encuentroinformativo.com.mx\/index.php?rest_route=\/wp\/v2\/media\/8355"}],"wp:attachment":[{"href":"https:\/\/encuentroinformativo.com.mx\/index.php?rest_route=%2Fwp%2Fv2%2Fmedia&parent=8354"}],"wp:term":[{"taxonomy":"category","embeddable":true,"href":"https:\/\/encuentroinformativo.com.mx\/index.php?rest_route=%2Fwp%2Fv2%2Fcategories&post=8354"},{"taxonomy":"post_tag","embeddable":true,"href":"https:\/\/encuentroinformativo.com.mx\/index.php?rest_route=%2Fwp%2Fv2%2Ftags&post=8354"}],"curies":[{"name":"wp","href":"https:\/\/api.w.org\/{rel}","templated":true}]}}