{"id":8357,"date":"2020-11-22T15:56:00","date_gmt":"2020-11-22T21:56:00","guid":{"rendered":"https:\/\/encuentroinformativo.com.mx\/?p=8357"},"modified":"2020-11-22T15:56:03","modified_gmt":"2020-11-22T21:56:03","slug":"militancia-decidira-candidaturas-de-accion-nacional","status":"publish","type":"post","link":"https:\/\/encuentroinformativo.com.mx\/?p=8357","title":{"rendered":"Militancia decidir\u00e1 candidaturas de Acci\u00f3n Nacional"},"content":{"rendered":"\n<p><strong>Juan Arcos <\/strong><\/p>\n\n\n\n<p>Xalapa, Ver.- La militancia ser\u00e1 quien decida las candidaturas del Partido Acci\u00f3n Nacional (PAN) para el proceso electoral 2021.<\/p>\n\n\n\n<p>As\u00ed lo dio a conocer el dirigente estatal del PAN, Joaqu\u00edn Guzm\u00e1n Avil\u00e9s, quien a\u00f1adi\u00f3 que este m\u00e9todo fue determinado en sesi\u00f3n de la Comisi\u00f3n Permanente Estatal.<\/p>\n\n\n\n<p>Adem\u00e1s, se\u00f1al\u00f3 que este m\u00e9todo no era utilizado al interior de este partido desde el a\u00f1o 2013.<\/p>\n\n\n\n<p>Agreg\u00f3 que se busca garantizar procesos internos democr\u00e1ticos en el Partido Acci\u00f3n Nacional, para dar una natural certeza de legalidad a la militancia ciudadan\u00eda.<\/p>\n\n\n\n<p>\u201cSer\u00e1 la militancia quien elija a las candidatas y candidatos que habr\u00e1n de representar en las urnas al PAN y que lograr\u00e1n recuperar a Veracruz y a M\u00e9xico\u201d.<\/p>\n\n\n\n<p>Guzm\u00e1n Avil\u00e9s reconoci\u00f3 el esfuerzo y la disposici\u00f3n de la Comisi\u00f3n Permanente Estatal, para tener un PAN que regrese a las bases que representan los valores del organismo pol\u00edtico.<\/p>\n\n\n\n<p>En la Sesi\u00f3n de la Comisi\u00f3n Permanente Estatal, el PAN en Veracruz tambi\u00e9n aprob\u00f3 las tres propuestas de terna para integrar la Comisi\u00f3n Organizadora Electoral, misma que ser\u00e1 enviada a la Comisi\u00f3n Ejecutiva Nacional (CEN), para su designaci\u00f3n.<\/p>\n","protected":false},"excerpt":{"rendered":"<p>Juan Arcos Xalapa, Ver.- La militancia ser\u00e1 quien decida las candidaturas del Partido Acci\u00f3n Nacional (PAN) para el proceso electoral 2021. As\u00ed lo dio a conocer el dirigente estatal del PAN, Joaqu\u00edn Guzm\u00e1n Avil\u00e9s, quien a\u00f1adi\u00f3 que este m\u00e9todo fue determinado en sesi\u00f3n de la Comisi\u00f3n Permanente Estatal. Adem\u00e1s, se\u00f1al\u00f3 que este m\u00e9todo no era [&hellip;]<\/p>\n","protected":false},"author":1,"featured_media":8358,"comment_status":"open","ping_status":"open","sticky":false,"template":"","format":"standard","meta":{"_jetpack_memberships_contains_paid_content":false,"footnotes":""},"categories":[2],"tags":[],"class_list":["post-8357","post","type-post","status-publish","format-standard","has-post-thumbnail","hentry","category-estado"],"jetpack_featured_media_url":"https:\/\/encuentroinformativo.com.mx\/wp-content\/uploads\/2020\/11\/4074E936-7398-4EC0-925F-7CF78575D92A.jpeg","jetpack_sharing_enabled":true,"jetpack_likes_enabled":true,"amp_enabled":true,"_links":{"self":[{"href":"https:\/\/encuentroinformativo.com.mx\/index.php?rest_route=\/wp\/v2\/posts\/8357","targetHints":{"allow":["GET"]}}],"collection":[{"href":"https:\/\/encuentroinformativo.com.mx\/index.php?rest_route=\/wp\/v2\/posts"}],"about":[{"href":"https:\/\/encuentroinformativo.com.mx\/index.php?rest_route=\/wp\/v2\/types\/post"}],"author":[{"embeddable":true,"href":"https:\/\/encuentroinformativo.com.mx\/index.php?rest_route=\/wp\/v2\/users\/1"}],"replies":[{"embeddable":true,"href":"https:\/\/encuentroinformativo.com.mx\/index.php?rest_route=%2Fwp%2Fv2%2Fcomments&post=8357"}],"version-history":[{"count":1,"href":"https:\/\/encuentroinformativo.com.mx\/index.php?rest_route=\/wp\/v2\/posts\/8357\/revisions"}],"predecessor-version":[{"id":8359,"href":"https:\/\/encuentroinformativo.com.mx\/index.php?rest_route=\/wp\/v2\/posts\/8357\/revisions\/8359"}],"wp:featuredmedia":[{"embeddable":true,"href":"https:\/\/encuentroinformativo.com.mx\/index.php?rest_route=\/wp\/v2\/media\/8358"}],"wp:attachment":[{"href":"https:\/\/encuentroinformativo.com.mx\/index.php?rest_route=%2Fwp%2Fv2%2Fmedia&parent=8357"}],"wp:term":[{"taxonomy":"category","embeddable":true,"href":"https:\/\/encuentroinformativo.com.mx\/index.php?rest_route=%2Fwp%2Fv2%2Fcategories&post=8357"},{"taxonomy":"post_tag","embeddable":true,"href":"https:\/\/encuentroinformativo.com.mx\/index.php?rest_route=%2Fwp%2Fv2%2Ftags&post=8357"}],"curies":[{"name":"wp","href":"https:\/\/api.w.org\/{rel}","templated":true}]}}