{"id":8363,"date":"2020-11-23T09:52:40","date_gmt":"2020-11-23T15:52:40","guid":{"rendered":"https:\/\/encuentroinformativo.com.mx\/?p=8363"},"modified":"2020-11-23T09:52:43","modified_gmt":"2020-11-23T15:52:43","slug":"el-tio-dante-al-rescate-de-los-chiquitos","status":"publish","type":"post","link":"https:\/\/encuentroinformativo.com.mx\/?p=8363","title":{"rendered":"EL T\u00cdO DANTE AL RESCATE DE LOS CHIQUITOS"},"content":{"rendered":"\n<ul class=\"wp-block-list\"><li>Cumple 19 de Granjas Carroll de M\u00e9xico.<\/li><li>Arquidi\u00f3cesis de Xalapa critica el aval a la mota.<\/li><li>Cifras desde Casa Veracruz.<\/li><\/ul>\n\n\n\n<p>C\u00f3mo extra\u00f1o ver el parque y ciudad de Coatepec llenos de xalape\u00f1os que traen a pasear a sus amantes.<br>&#8211;Chopenjawer robando meme en Feis<\/p>\n\n\n\n<p>Desde hace rato se comenta que Rogelio Franco Cast\u00e1n, exsecretario de Gobierno con el gobernador Miguel \u00c1ngel Yunes Linares, y el diputado federal Carlos Valenzuela (tambi\u00e9n del grupo neoyunista) andan creando una estructura alterna para usar al PRD y a Movimiento Ciudadano para impulsar candidaturas \u2013-entre ellas las de Miguel Chiquito\u2013- que no obtendr\u00edan en el PAN donde ya no los quieren.<\/p>\n\n\n\n<p>Para algunos llama la atenci\u00f3n que Movimiento Ciudadano nuevamente aparezca en el panorama, porque durante mucho tiempo en la clase pol\u00edtica se comentaba que el due\u00f1o de ese partido, el tambi\u00e9n exgobernador Dante Delgado Rannauro, odiaba a Miguel \u00c1ngel Yunes Linares por ser el operador que lo meti\u00f3 a la c\u00e1rcel en 1994, y adem\u00e1s no lo dej\u00f3 salir del penal de Pacho Viejo a despedirse de su padre cuando \u00e9ste falleci\u00f3, ya que el entonces secretario de Gobierno le dijo que deb\u00eda ir esposado.<\/p>\n\n\n\n<p>En la historia reciente, ya con partido propio para vender las franquicias y candidaturas al mejor postor, Dante Delgado lleg\u00f3 a ser muy cercano a Andr\u00e9s Manuel L\u00f3pez Obrador, siendo incluso su asesor de cabecera, pero bien dicen que la pol\u00edtica no tiene amigos: tiene intereses.<\/p>\n\n\n\n<p>Poco tiempo despu\u00e9s, se dio una ruptura y alejamiento entre AMLO y Dante.<\/p>\n\n\n\n<p>Ahora se habla de que el jarocho y el tabasque\u00f1o han tenido acercamientos, con eso de que Dante est\u00e1 (de acuerdo a sus intereses y conveniencias) armando candidaturas o prestando su partido para las elecciones del pr\u00f3ximo a\u00f1o.<\/p>\n\n\n\n<p>El caso de Veracruz es interesante no s\u00f3lo porque de aqu\u00ed es oriundo Dante Delgado, sino porque estar\u00eda apoyando con su partido y poca estructura a una alianza contra el partido del presidente L\u00f3pez Obrador, haciendo pactos con los enemigos naturales del presidente en Veracruz: los Yunes, quienes no lo bajaban de loco, corrupto y viejo guango.<\/p>\n\n\n\n<p>Esta semana que pas\u00f3 fue interesante en ese sentido, porque ya trascendi\u00f3 que la visita no agendada a la cual acudieron el pasado jueves los hijos del exgobernador Yunes y sus huestes en la sede nacional del PAN, fue para presionar al dirigente nacional Marko Cort\u00e9s para que le otorgue candidaturas a su gente, salt\u00e1ndose el Comit\u00e9 Directivo Estatal del cual perdieron control.<\/p>\n\n\n\n<p>De ah\u00ed divulgaron entre sus conocidos que ya hab\u00eda acuerdos (versi\u00f3n falsa, seg\u00fan panistas consultados) donde llegaron a decir que el candidato a la alcald\u00eda de Veracruz lo iba a designar directamente el CEN y no el Comit\u00e9 Estatal, lo cual recibi\u00f3 como respuesta una sesi\u00f3n de la Comisi\u00f3n Permanente del PAN estatal, \u00fanico \u00f3rgano facultado para determinar el m\u00e9todo de selecci\u00f3n de candidatos, seg\u00fan el presidente de ese partido, Joaqu\u00edn Guzm\u00e1n Avil\u00e9s.<\/p>\n\n\n\n<p>Ah\u00ed se decidi\u00f3 por unanimidad el m\u00e9todo ordinario de votaci\u00f3n por militantes para el proceso electoral 2021.<\/p>\n\n\n\n<p>Esto a lo mejor no le preocupar\u00eda a los Yunes en caso de armarse una alianza con PRD (donde el control lo tiene completamente Yunes Linares\u2026 \u00bfneta, no les da verg\u00fcenza, pederretos?), o en Movimiento Ciudadano, donde t\u00edo Dante les dar\u00eda apapacho y calor a los Yunes chiquitos.<\/p>\n\n\n\n<p>Otro partido que en una de esas tambi\u00e9n se sumar\u00eda a la alianza ser\u00eda el PRI, pero esto podr\u00eda reventarse desde el Altiplano y le pasar\u00eda a Marlon lo mismo que a Gonzalo Gu\u00edzar Valladares cuando se trajo la franquicia del Partido Encuentro Social (PES) a Veracruz para apoyar a su \u00eddolo Yunes Linares: que al final le dijeron desde la capital que deb\u00eda apoyar al &#8220;Peje&#8221;\u2026 y a rega\u00f1adientes lo apoy\u00f3 y obtuvo su ansiada diputaci\u00f3n local.<\/p>\n\n\n\n<p>Y es que ac\u00e1 en el PAN local saben que podr\u00eda haber una alianza, pero no son tan zopencos para ceder tanto porque saben que los dem\u00e1s &#8220;aliancistas&#8221; son partidos cercanos a Yunes Linares.<\/p>\n\n\n\n<p>\u00bfY cu\u00e1l es la desesperaci\u00f3n de los Yunes para que les otorguen candidaturas? Porque as\u00ed siempre ha sido as\u00ed su esquema: que les entreguen candidaturas nom\u00e1s por apellidarse Yunes.<\/p>\n\n\n\n<p>Desde que invitaron al patriarca a ser parte del PAN (algo de lo que se arrepentir\u00eda luego el &#8220;Pipo&#8221; V\u00e1zquez, quien pens\u00f3 que pod\u00eda controlar a Yunes), \u00e9ste pidi\u00f3 de entrada candidaturas para sus hijos, desplazando a los panistas que por a\u00f1os buscaron una oportunidad a un cargo p\u00fablico.<\/p>\n\n\n\n<p>Luego Yunes no s\u00f3lo se posesion\u00f3 del PAN, sino que al paso de los a\u00f1os logr\u00f3 sacar del partido a figuras destacadas como Gerardo Buganza gracias a intrigas y a expedientes falsos que hac\u00eda llegar al entonces presidente Felipe Calder\u00f3n, con tal de amarrar su candidatura a la gubernatura, la cual perdi\u00f3 ante el entonces imberbe Javier Duarte.<\/p>\n\n\n\n<p>Al mismo tiempo que Yunes hac\u00eda control del PAN para s\u00ed mismo y los suyos, sus hijos tuvieron candidaturas plurinominales o sencillamente no pelearon por estas; las obtuvieron por la influencia del padre y lograron ganar espacios como Boca del R\u00edo (un municipio relativamente peque\u00f1o), donde han cimentado su feudo.<\/p>\n\n\n\n<p>Estos &#8220;triunfos&#8221; y votos de los Yunes son los que quieren echarle en cara al PAN, como haciendo entender que sin ellos no gana el blanquiazul en Veracruz.<\/p>\n\n\n\n<p>Para como van las cosas, en una de esas Yunes Linares regresa al PRI que tanto lo hizo crecer como pol\u00edtico en sus a\u00f1os de plenitud, y los tricolores tendr\u00e1n que tragar sapos al momento en que le est\u00e9n levantando la mano a su verdugo, como ocurri\u00f3 en el PRD.<\/p>\n\n\n\n<p>En una de esas Miguel Chiquito aparece en video cantando &#8220;Movimiento naranja, Movimiento Ciudadano, na na na na&#8221;, bailando como el morrito Yuawi.<\/p>\n\n\n\n<p>A lo mejor estoy pensando mal y esto solamente sea un acuerdo meramente comercial: Dante Delgado vendi\u00e9ndole la franquicia de Movimiento Ciudadano a los Yunes, con eso de que es bueno pa\u2019l billete y de que a lo mejor en poco tiempo se retira porque ya se le cansa el caballo: basta recordar cuando fue captado durmiendo en la sesi\u00f3n de Congreso General en el pleno de la C\u00e1mara de Diputados, a inicios de septiembre.<\/p>\n\n\n\n<p>Eso s\u00ed, el de Alvarado se las va a vender car\u00edsima y a ver si no le terminan quitando su partido.<\/p>\n\n\n\n<p><strong>NOTA PARA PEGAR EN EL REFRI: <\/strong>&#8220;Siendo Diputado Local por el PRD Atanasio Garc\u00eda Dur\u00e1n se dio cuenta de la grave contaminaci\u00f3n que propiciaban las Granjas Carroll en la congregaci\u00f3n La Gloria del municipio de Perote en el 2006. Como l\u00edder social se aperson\u00f3 y encabez\u00f3 la lucha de los pobladores. Este legislador document\u00f3 antes que nadie lo que pasaba en Perote. Envi\u00f3 a diversos medios de comunicaci\u00f3n fotos, documentos, etc\u00e9tera. Esa lucha termin\u00f3 en persecuci\u00f3n para los l\u00edderes al encarcelarlos por ataques a las v\u00edas generales de comunicaci\u00f3n, invasi\u00f3n a propiedad privada y lo inaudito: difamaci\u00f3n a las Granjas Carroll&#8221;\u2026 Esto escrib\u00eda el maestro C\u00e9sar V\u00e1zquez Chagoya (abrazote, patr\u00f3n), entre otros materiales sobre la famosa granja de cerdos en Perote, un tema que dio mucho de qu\u00e9 hablar por las evidentes im\u00e1genes (que publicamos en el portal EnlaceVeracruz212.com.mx) donde se ve\u00edan las condiciones paup\u00e9rrimas de ese entonces\u2026 Ayer la planta cumpli\u00f3 19 a\u00f1os de instalada en Veracruz.<\/p>\n\n\n\n<p><strong>OTRA NOTA:<\/strong> &#8220;Aprobar una ley para que la gente se drogue y altere su conciencia, se vuelva adicta, pierda la br\u00fajula, la paz, la salud y el sentido de su existencia, no contribuye en nada a mejorar la sociedad; con este permisivismo lo \u00fanico que se promueve es el deterioro f\u00edsico, mental y espiritual de las personas y de la sociedad. Promover la marihuana es promover una falsa salida. La gente se droga para evadir su realidad porque vive un gran vac\u00edo existencial. La soluci\u00f3n a esta situaci\u00f3n no est\u00e1 en lanzar a la gente a una evasi\u00f3n que le dejar\u00e1 graves consecuencias, sino en ayudarle a encontrar sentido a su existencia&#8221;. Lo anterior, en el comunicado dominical de la Arquidi\u00f3cesis de Xalapa.<\/p>\n\n\n\n<p><strong>LA \u00daLTIMA PORQUE LE TOCA VETERINARIO A LA JACKIE: <\/strong>Tras reuni\u00f3n con legisladores en Casa Veracruz, el gobernador Cuitl\u00e1huac Garc\u00eda Jim\u00e9nez dio a conocer cifras: las pensiones para el Bienestar benefician a 674 mil 754 adultos mayores; mientras que J\u00f3venes Construyendo el Futuro cuenta con 139 mil 34 becarios. A su vez, las becas Benito Ju\u00e1rez llegan a 321 mil 273 estudiantes de educaci\u00f3n b\u00e1sica y a 350 mil 47 del nivel medio-superior.<\/p>\n\n\n\n<p><strong>@pablojair<\/strong><\/p>\n","protected":false},"excerpt":{"rendered":"<p>Cumple 19 de Granjas Carroll de M\u00e9xico. Arquidi\u00f3cesis de Xalapa critica el aval a la mota. Cifras desde Casa Veracruz. C\u00f3mo extra\u00f1o ver el parque y ciudad de Coatepec llenos de xalape\u00f1os que traen a pasear a sus amantes.&#8211;Chopenjawer robando meme en Feis Desde hace rato se comenta que Rogelio Franco Cast\u00e1n, exsecretario de Gobierno [&hellip;]<\/p>\n","protected":false},"author":1,"featured_media":488,"comment_status":"open","ping_status":"open","sticky":false,"template":"","format":"standard","meta":{"_jetpack_memberships_contains_paid_content":false,"footnotes":""},"categories":[11],"tags":[],"class_list":["post-8363","post","type-post","status-publish","format-standard","has-post-thumbnail","hentry","category-opinion"],"jetpack_featured_media_url":"https:\/\/encuentroinformativo.com.mx\/wp-content\/uploads\/2020\/03\/F471F608-BA1A-416B-BA7B-BCFB24F4E6D0.jpeg","jetpack_sharing_enabled":true,"jetpack_likes_enabled":true,"amp_enabled":true,"_links":{"self":[{"href":"https:\/\/encuentroinformativo.com.mx\/index.php?rest_route=\/wp\/v2\/posts\/8363","targetHints":{"allow":["GET"]}}],"collection":[{"href":"https:\/\/encuentroinformativo.com.mx\/index.php?rest_route=\/wp\/v2\/posts"}],"about":[{"href":"https:\/\/encuentroinformativo.com.mx\/index.php?rest_route=\/wp\/v2\/types\/post"}],"author":[{"embeddable":true,"href":"https:\/\/encuentroinformativo.com.mx\/index.php?rest_route=\/wp\/v2\/users\/1"}],"replies":[{"embeddable":true,"href":"https:\/\/encuentroinformativo.com.mx\/index.php?rest_route=%2Fwp%2Fv2%2Fcomments&post=8363"}],"version-history":[{"count":1,"href":"https:\/\/encuentroinformativo.com.mx\/index.php?rest_route=\/wp\/v2\/posts\/8363\/revisions"}],"predecessor-version":[{"id":8364,"href":"https:\/\/encuentroinformativo.com.mx\/index.php?rest_route=\/wp\/v2\/posts\/8363\/revisions\/8364"}],"wp:featuredmedia":[{"embeddable":true,"href":"https:\/\/encuentroinformativo.com.mx\/index.php?rest_route=\/wp\/v2\/media\/488"}],"wp:attachment":[{"href":"https:\/\/encuentroinformativo.com.mx\/index.php?rest_route=%2Fwp%2Fv2%2Fmedia&parent=8363"}],"wp:term":[{"taxonomy":"category","embeddable":true,"href":"https:\/\/encuentroinformativo.com.mx\/index.php?rest_route=%2Fwp%2Fv2%2Fcategories&post=8363"},{"taxonomy":"post_tag","embeddable":true,"href":"https:\/\/encuentroinformativo.com.mx\/index.php?rest_route=%2Fwp%2Fv2%2Ftags&post=8363"}],"curies":[{"name":"wp","href":"https:\/\/api.w.org\/{rel}","templated":true}]}}