{"id":8365,"date":"2020-11-23T10:26:43","date_gmt":"2020-11-23T16:26:43","guid":{"rendered":"https:\/\/encuentroinformativo.com.mx\/?p=8365"},"modified":"2020-11-23T10:27:59","modified_gmt":"2020-11-23T16:27:59","slug":"por-resolucion-en-denuncias-de-agresion-estudiantes-de-facico-se-van-paro","status":"publish","type":"post","link":"https:\/\/encuentroinformativo.com.mx\/?p=8365","title":{"rendered":"Por resoluci\u00f3n en denuncias de agresi\u00f3n, estudiantes de FACICO se van paro"},"content":{"rendered":"\n<p><strong>Alejandro \u00c1vila<\/strong><\/p>\n\n\n\n<p>Boca del R\u00edo, Ver.- Los estudiantes de la Facultad de Ciencias y T\u00e9cnicas de Comunicaci\u00f3n (FACICO) de la Universidad Veracruzana (UV) entraron a partir de este domingo a las 21 horas, en paro indefinido, ante la violencia de g\u00e9nero de la cual dicen ser objeto varias mujeres.<\/p>\n\n\n\n<p>Mediante la Consejer\u00eda Estudiantil de la FACICO, se dio a conocer un pliego petitorio la noche de este domingo, donde se resalta la queja por la resoluci\u00f3n que dieron al caso de Kevin \u201cN\u201d, estudiante de la facultad quien rob\u00f3 fotos \u00edntimas de sus compa\u00f1eras y presuntamente habr\u00eda publicado en algunas p\u00e1ginas de Internet.<\/p>\n\n\n\n<p>La joven que present\u00f3 la denuncia, detall\u00f3 que todo sucedi\u00f3 hace un a\u00f1o, cuando pidi\u00f3 a Kevin le instalara un programa de dise\u00f1o en su computadora, aprovechando que ten\u00eda la maquina en su poder, la revis\u00f3 exhaustivamente y encontr\u00f3 fotograf\u00edas intimas de la ahora agraviada, las cuales guard\u00f3 y despu\u00e9s difundi\u00f3.<\/p>\n\n\n\n<p>Tras la denuncia, comenzaron a conocerse diversas quejas en contra de Kevin \u201cN\u201d, quien enviaba enlaces de p\u00e1gina de Internet, presuntamente de encuestas, le ped\u00eda a j\u00f3venes que ingresaran sus datos y trav\u00e9s de estas, hackeaba sus computadoras y obten\u00eda fotograf\u00edas o videos intimos.<\/p>\n\n\n\n<p>Las afectadas salieron molestas con el resultado que dio a Junta Acad\u00e9mica el pasado 19 de noviembre, pues \u00e9sta decidi\u00f3 darle solo la suspensi\u00f3n m\u00ednima, es decir, seis meses; con lo que pudo volverse a inscribir para el semestre siguiente.<\/p>\n\n\n\n<p>Las j\u00f3venes molestas, dijeron que esto no solo representa una burla hacia ellas, pues adem\u00e1s hay pruebas de sus actos, sino un riesgo para las chicas de nuevo ingreso, quienes se pueden ver tambi\u00e9n afectadas por este agresor.<\/p>\n\n\n\n<p>Finalmente, los j\u00f3venes a trav\u00e9s de un pliego petitorio pusieron como plazo el pr\u00f3ximo viernes 27 de noviembre a las 14 horas, para obtener una respuesta favorable a sus demandas.<\/p>\n","protected":false},"excerpt":{"rendered":"<p>Alejandro \u00c1vila Boca del R\u00edo, Ver.- Los estudiantes de la Facultad de Ciencias y T\u00e9cnicas de Comunicaci\u00f3n (FACICO) de la Universidad Veracruzana (UV) entraron a partir de este domingo a las 21 horas, en paro indefinido, ante la violencia de g\u00e9nero de la cual dicen ser objeto varias mujeres. Mediante la Consejer\u00eda Estudiantil de la [&hellip;]<\/p>\n","protected":false},"author":1,"featured_media":8366,"comment_status":"open","ping_status":"open","sticky":false,"template":"","format":"standard","meta":{"_jetpack_memberships_contains_paid_content":false,"footnotes":""},"categories":[2],"tags":[],"class_list":["post-8365","post","type-post","status-publish","format-standard","has-post-thumbnail","hentry","category-estado"],"jetpack_featured_media_url":"https:\/\/encuentroinformativo.com.mx\/wp-content\/uploads\/2020\/11\/76FED4E0-1C28-48EB-8FED-29041C66835E.jpeg","jetpack_sharing_enabled":true,"jetpack_likes_enabled":true,"amp_enabled":true,"_links":{"self":[{"href":"https:\/\/encuentroinformativo.com.mx\/index.php?rest_route=\/wp\/v2\/posts\/8365","targetHints":{"allow":["GET"]}}],"collection":[{"href":"https:\/\/encuentroinformativo.com.mx\/index.php?rest_route=\/wp\/v2\/posts"}],"about":[{"href":"https:\/\/encuentroinformativo.com.mx\/index.php?rest_route=\/wp\/v2\/types\/post"}],"author":[{"embeddable":true,"href":"https:\/\/encuentroinformativo.com.mx\/index.php?rest_route=\/wp\/v2\/users\/1"}],"replies":[{"embeddable":true,"href":"https:\/\/encuentroinformativo.com.mx\/index.php?rest_route=%2Fwp%2Fv2%2Fcomments&post=8365"}],"version-history":[{"count":2,"href":"https:\/\/encuentroinformativo.com.mx\/index.php?rest_route=\/wp\/v2\/posts\/8365\/revisions"}],"predecessor-version":[{"id":8368,"href":"https:\/\/encuentroinformativo.com.mx\/index.php?rest_route=\/wp\/v2\/posts\/8365\/revisions\/8368"}],"wp:featuredmedia":[{"embeddable":true,"href":"https:\/\/encuentroinformativo.com.mx\/index.php?rest_route=\/wp\/v2\/media\/8366"}],"wp:attachment":[{"href":"https:\/\/encuentroinformativo.com.mx\/index.php?rest_route=%2Fwp%2Fv2%2Fmedia&parent=8365"}],"wp:term":[{"taxonomy":"category","embeddable":true,"href":"https:\/\/encuentroinformativo.com.mx\/index.php?rest_route=%2Fwp%2Fv2%2Fcategories&post=8365"},{"taxonomy":"post_tag","embeddable":true,"href":"https:\/\/encuentroinformativo.com.mx\/index.php?rest_route=%2Fwp%2Fv2%2Ftags&post=8365"}],"curies":[{"name":"wp","href":"https:\/\/api.w.org\/{rel}","templated":true}]}}