{"id":8382,"date":"2020-11-23T13:02:29","date_gmt":"2020-11-23T19:02:29","guid":{"rendered":"https:\/\/encuentroinformativo.com.mx\/?p=8382"},"modified":"2020-11-23T13:02:32","modified_gmt":"2020-11-23T19:02:32","slug":"suprema-corte-tira-reforma-electoral-en-veracruz","status":"publish","type":"post","link":"https:\/\/encuentroinformativo.com.mx\/?p=8382","title":{"rendered":"Suprema Corte tira Reforma Electoral en Veracruz"},"content":{"rendered":"\n<p><strong>Dar\u00edo Pale <\/strong><\/p>\n\n\n\n<p>Xalapa, Ver.- La Suprema Corte Justicia de la Naci\u00f3n (SCJN) por\u00a0mayor\u00eda de votos,\u00a0ech\u00f3 abajo la reforma al C\u00f3digo electoral aprobada por los diputados de Morena y sus aliados en el Congreso de Veracruz.<\/p>\n\n\n\n<p>De acuerdo a los magistrados se da una violaci\u00f3n al proceso legislativo, ya que impulsaron la reforma sin observar los principios del parlamento abierto.<\/p>\n\n\n\n<p>Y es que mencionaron que impone la obligaci\u00f3n de escuchar a los organismos y personas que beneficia o afecta la medida legislativa previo a su emisi\u00f3n.<\/p>\n\n\n\n<p>Los diputados locales de Morena as\u00ed c\u00f3mo sus aliados no solicitaron la opini\u00f3n de quienes si conocen la materia electoral como son, autoridades electorales, partidos pol\u00edticos, peor m\u00e1s grave, a la ciudadan\u00eda.<\/p>\n\n\n\n<p>La SCJN dijo que\u00a0 en el dictamen de la comisi\u00f3n de puntos constitucionales, no se aport\u00f3 ning\u00fan an\u00e1lisis t\u00e9cnico financiero, por lo que\u00a0se queda sin la acreditaci\u00f3n de\u00a0 la instalaci\u00f3n de consejos municipales que constituyan gastos superfluos.<\/p>\n","protected":false},"excerpt":{"rendered":"<p>Dar\u00edo Pale Xalapa, Ver.- La Suprema Corte Justicia de la Naci\u00f3n (SCJN) por\u00a0mayor\u00eda de votos,\u00a0ech\u00f3 abajo la reforma al C\u00f3digo electoral aprobada por los diputados de Morena y sus aliados en el Congreso de Veracruz. De acuerdo a los magistrados se da una violaci\u00f3n al proceso legislativo, ya que impulsaron la reforma sin observar los [&hellip;]<\/p>\n","protected":false},"author":1,"featured_media":88,"comment_status":"open","ping_status":"open","sticky":false,"template":"","format":"standard","meta":{"_jetpack_memberships_contains_paid_content":false,"footnotes":""},"categories":[2],"tags":[],"class_list":["post-8382","post","type-post","status-publish","format-standard","has-post-thumbnail","hentry","category-estado"],"jetpack_featured_media_url":"https:\/\/encuentroinformativo.com.mx\/wp-content\/uploads\/2020\/02\/palacio.jpg","jetpack_sharing_enabled":true,"jetpack_likes_enabled":true,"amp_enabled":true,"_links":{"self":[{"href":"https:\/\/encuentroinformativo.com.mx\/index.php?rest_route=\/wp\/v2\/posts\/8382","targetHints":{"allow":["GET"]}}],"collection":[{"href":"https:\/\/encuentroinformativo.com.mx\/index.php?rest_route=\/wp\/v2\/posts"}],"about":[{"href":"https:\/\/encuentroinformativo.com.mx\/index.php?rest_route=\/wp\/v2\/types\/post"}],"author":[{"embeddable":true,"href":"https:\/\/encuentroinformativo.com.mx\/index.php?rest_route=\/wp\/v2\/users\/1"}],"replies":[{"embeddable":true,"href":"https:\/\/encuentroinformativo.com.mx\/index.php?rest_route=%2Fwp%2Fv2%2Fcomments&post=8382"}],"version-history":[{"count":1,"href":"https:\/\/encuentroinformativo.com.mx\/index.php?rest_route=\/wp\/v2\/posts\/8382\/revisions"}],"predecessor-version":[{"id":8383,"href":"https:\/\/encuentroinformativo.com.mx\/index.php?rest_route=\/wp\/v2\/posts\/8382\/revisions\/8383"}],"wp:featuredmedia":[{"embeddable":true,"href":"https:\/\/encuentroinformativo.com.mx\/index.php?rest_route=\/wp\/v2\/media\/88"}],"wp:attachment":[{"href":"https:\/\/encuentroinformativo.com.mx\/index.php?rest_route=%2Fwp%2Fv2%2Fmedia&parent=8382"}],"wp:term":[{"taxonomy":"category","embeddable":true,"href":"https:\/\/encuentroinformativo.com.mx\/index.php?rest_route=%2Fwp%2Fv2%2Fcategories&post=8382"},{"taxonomy":"post_tag","embeddable":true,"href":"https:\/\/encuentroinformativo.com.mx\/index.php?rest_route=%2Fwp%2Fv2%2Ftags&post=8382"}],"curies":[{"name":"wp","href":"https:\/\/api.w.org\/{rel}","templated":true}]}}