{"id":8387,"date":"2020-11-23T14:34:23","date_gmt":"2020-11-23T20:34:23","guid":{"rendered":"https:\/\/encuentroinformativo.com.mx\/?p=8387"},"modified":"2020-11-23T14:34:26","modified_gmt":"2020-11-23T20:34:26","slug":"uv-no-cambiara-fallo-contra-agresor-sexual-en-facico","status":"publish","type":"post","link":"https:\/\/encuentroinformativo.com.mx\/?p=8387","title":{"rendered":"UV no cambiar\u00e1 fallo contra agresor sexual en FACICO"},"content":{"rendered":"\n<p><strong>Alejandro \u00c1vila<\/strong><\/p>\n\n\n\n<p>Boca del R\u00edo, Ver.- Debido a que la Junta Acad\u00e9mica dio por concluido el caso de la agresi\u00f3n sexual al interior de la Facultad de Ciencias y T\u00e9cnicas de la Comunicaci\u00f3n (FACICO), ser\u00e1 imposible cambiar el fallo, asegur\u00f3 en entrevista el vicerrector de la regi\u00f3n Veracruz de la UV, Alfonso P\u00e9rez.<\/p>\n\n\n\n<p>Por tal motivo, la expulsi\u00f3n por 6 meses que se dio al joven que rob\u00f3 fotograf\u00edas intimas de su compa\u00f1era de facultad, se mantendr\u00e1.<\/p>\n\n\n\n<p>Esto se contrapone a la solicitud de los estudiantes hecha en un pliego petitorio y por el cual se encuentran ahora en paro indefinido.<\/p>\n\n\n\n<p>\u201cEn ese sentido no hay posibilidad de que se cambien ese fallo, es una decisi\u00f3n ya de la Junta Acad\u00e9mica, que es el \u00f3rgano m\u00e1ximo que tiene para estos efectos tomar esas decisiones\u201d, mencion\u00f3 el vicerrector.<\/p>\n\n\n\n<p>Ante esto, expuso que la parte acusadora, puede hacer su denuncia en otra instancia, fuera de la Universidad Veracruzana, como es la Fiscal\u00eda General del Estado (FGE), aclarando que por parte de la UV, ya no se tocar\u00e1 el tema.<\/p>\n\n\n\n<p>Sobre lo que s\u00ed continuar\u00e1n trabajando, es en contactar a los estudiantes que se mantienen en paro, pues se les explicar\u00e1 a detalle el porqu\u00e9 de la decisi\u00f3n.<\/p>\n\n\n\n<p>\u201cLa persona tiene todo el derecho y tiene toda la libertad para decir que no esta de acuerdo con esta decisi\u00f3n y ahora hacerlo ante autoridades externas\u201d, remat\u00f3.<\/p>\n","protected":false},"excerpt":{"rendered":"<p>Alejandro \u00c1vila Boca del R\u00edo, Ver.- Debido a que la Junta Acad\u00e9mica dio por concluido el caso de la agresi\u00f3n sexual al interior de la Facultad de Ciencias y T\u00e9cnicas de la Comunicaci\u00f3n (FACICO), ser\u00e1 imposible cambiar el fallo, asegur\u00f3 en entrevista el vicerrector de la regi\u00f3n Veracruz de la UV, Alfonso P\u00e9rez. Por tal [&hellip;]<\/p>\n","protected":false},"author":1,"featured_media":8388,"comment_status":"open","ping_status":"open","sticky":false,"template":"","format":"standard","meta":{"_jetpack_memberships_contains_paid_content":false,"footnotes":""},"categories":[2],"tags":[],"class_list":["post-8387","post","type-post","status-publish","format-standard","has-post-thumbnail","hentry","category-estado"],"jetpack_featured_media_url":"https:\/\/encuentroinformativo.com.mx\/wp-content\/uploads\/2020\/11\/B3B38919-E4D5-4919-8585-61E209598994.jpeg","jetpack_sharing_enabled":true,"jetpack_likes_enabled":true,"amp_enabled":true,"_links":{"self":[{"href":"https:\/\/encuentroinformativo.com.mx\/index.php?rest_route=\/wp\/v2\/posts\/8387","targetHints":{"allow":["GET"]}}],"collection":[{"href":"https:\/\/encuentroinformativo.com.mx\/index.php?rest_route=\/wp\/v2\/posts"}],"about":[{"href":"https:\/\/encuentroinformativo.com.mx\/index.php?rest_route=\/wp\/v2\/types\/post"}],"author":[{"embeddable":true,"href":"https:\/\/encuentroinformativo.com.mx\/index.php?rest_route=\/wp\/v2\/users\/1"}],"replies":[{"embeddable":true,"href":"https:\/\/encuentroinformativo.com.mx\/index.php?rest_route=%2Fwp%2Fv2%2Fcomments&post=8387"}],"version-history":[{"count":1,"href":"https:\/\/encuentroinformativo.com.mx\/index.php?rest_route=\/wp\/v2\/posts\/8387\/revisions"}],"predecessor-version":[{"id":8389,"href":"https:\/\/encuentroinformativo.com.mx\/index.php?rest_route=\/wp\/v2\/posts\/8387\/revisions\/8389"}],"wp:featuredmedia":[{"embeddable":true,"href":"https:\/\/encuentroinformativo.com.mx\/index.php?rest_route=\/wp\/v2\/media\/8388"}],"wp:attachment":[{"href":"https:\/\/encuentroinformativo.com.mx\/index.php?rest_route=%2Fwp%2Fv2%2Fmedia&parent=8387"}],"wp:term":[{"taxonomy":"category","embeddable":true,"href":"https:\/\/encuentroinformativo.com.mx\/index.php?rest_route=%2Fwp%2Fv2%2Fcategories&post=8387"},{"taxonomy":"post_tag","embeddable":true,"href":"https:\/\/encuentroinformativo.com.mx\/index.php?rest_route=%2Fwp%2Fv2%2Ftags&post=8387"}],"curies":[{"name":"wp","href":"https:\/\/api.w.org\/{rel}","templated":true}]}}