{"id":8391,"date":"2020-11-23T16:55:02","date_gmt":"2020-11-23T22:55:02","guid":{"rendered":"https:\/\/encuentroinformativo.com.mx\/?p=8391"},"modified":"2020-11-24T10:18:14","modified_gmt":"2020-11-24T16:18:14","slug":"hay-avances-en-desarrollo-social-segun-secretario","status":"publish","type":"post","link":"https:\/\/encuentroinformativo.com.mx\/?p=8391","title":{"rendered":"Hay avances en desarrollo social, seg\u00fan secretario"},"content":{"rendered":"\n<p><strong>Juan Arcos<\/strong><\/p>\n\n\n\n<p><strong>Fotos:<\/strong> Vic-Man <\/p>\n\n\n\n<p>Xalapa, Ver.- La Secretar\u00eda de Desarrollo Social (Sedesol) de Veracruz ha aplicado el 97 por ciento de su presupuesto para este ejercicio fiscal 2020.<\/p>\n\n\n\n<p>El titular de la dependencia estatal, Guillermo Fern\u00e1ndez S\u00e1nchez, compareci\u00f3 ante las diputadas y diputados locales, con motivo de la glosa del Segundo Informe de Gobierno.<\/p>\n\n\n\n<p>En el Recinto Oficial de Sesiones del Palacio Legislativo, detall\u00f3 que hasta el momento han sido ejercidos 696.9 de los 713 millones de pesos para este a\u00f1o.<\/p>\n\n\n\n<p>Adem\u00e1s, el funcionario estatal indic\u00f3 que el resto del dinero ser\u00e1 \u201cacomodado\u201d en los pr\u00f3ximos d\u00edas, para garantizar su \u00f3ptima aplicaci\u00f3n.<\/p>\n\n\n\n<p>Tambi\u00e9n detall\u00f3 que la mayor\u00eda del presupuesto fue destinado a apoyos para vivienda en 106 de los 212 municipios de la entidad.<\/p>\n\n\n\n<p>En ese sentido, mencion\u00f3 que 71.9 millones de pesos fueron utilizados para la electrificaci\u00f3n de mil 810 viviendas en distintos puntos.<\/p>\n\n\n\n<p>Fern\u00e1ndez S\u00e1nchez mencion\u00f3 que se construyeron 5 mil 793 cuartos dormitorios, 4 mil 443 estufas ecol\u00f3gicas, 5 mil 344 pisos, 669 techos, 203 muros y 240 cuartos para ba\u00f1o.<\/p>\n\n\n\n<p>A\u00f1adi\u00f3 que con estas acciones se logr\u00f3 beneficiar a 61 mil 130 veracruzanas y veracruzanos.<\/p>\n\n\n\n<p>El Secretario de Desarrollo Social presumi\u00f3 que mediante el programa \u201cMujeres emprendedoras\u201d se otorgaron&nbsp;8 mil 937 apoyos en 56 municipios. Adem\u00e1s, de que se aplicaron 44.6 millones de pesos para cumplir el objetivo.<\/p>\n\n\n\n<p>Se habla de 35 mil 748 mujeres beneficiadas con dichas acciones del gobierno estatal, que encabeza Cuitl\u00e1huac Garc\u00eda Jim\u00e9nez.<\/p>\n\n\n\n<p>Con el programa \u201cM\u00f3dulos hacia la autosuficiencia alimentaria\u201d se proporcionaron 2 mil 616 apoyos, para beneficiar a 10 mil 464 personas, con una inversi\u00f3n de 18.3 millones de pesos.<\/p>\n\n\n\n<p>Finalmente, refiri\u00f3 que se logr\u00f3 concretar convenios para programas de desarrollo urbano en 15 municipios, como Naranjos, Nautla, Banderilla, Las Vigas de Ram\u00edrez, Agua Dulce, Chinameca, Moloac\u00e1n y otros.<\/p>\n\n\n\n<figure class=\"wp-block-image size-large\"><img loading=\"lazy\" decoding=\"async\" width=\"1024\" height=\"621\" src=\"https:\/\/encuentroinformativo.com.mx\/wp-content\/uploads\/2020\/11\/2B455C08-02B1-49A3-9CAE-8C22825FCFA7-1024x621.jpeg\" alt=\"\" class=\"wp-image-8407\" srcset=\"https:\/\/encuentroinformativo.com.mx\/wp-content\/uploads\/2020\/11\/2B455C08-02B1-49A3-9CAE-8C22825FCFA7-1024x621.jpeg 1024w, https:\/\/encuentroinformativo.com.mx\/wp-content\/uploads\/2020\/11\/2B455C08-02B1-49A3-9CAE-8C22825FCFA7-300x182.jpeg 300w, https:\/\/encuentroinformativo.com.mx\/wp-content\/uploads\/2020\/11\/2B455C08-02B1-49A3-9CAE-8C22825FCFA7-768x466.jpeg 768w, https:\/\/encuentroinformativo.com.mx\/wp-content\/uploads\/2020\/11\/2B455C08-02B1-49A3-9CAE-8C22825FCFA7-1536x932.jpeg 1536w, https:\/\/encuentroinformativo.com.mx\/wp-content\/uploads\/2020\/11\/2B455C08-02B1-49A3-9CAE-8C22825FCFA7.jpeg 1600w\" sizes=\"auto, (max-width: 1024px) 100vw, 1024px\" \/><\/figure>\n","protected":false},"excerpt":{"rendered":"<p>Juan Arcos Fotos: Vic-Man Xalapa, Ver.- La Secretar\u00eda de Desarrollo Social (Sedesol) de Veracruz ha aplicado el 97 por ciento de su presupuesto para este ejercicio fiscal 2020. El titular de la dependencia estatal, Guillermo Fern\u00e1ndez S\u00e1nchez, compareci\u00f3 ante las diputadas y diputados locales, con motivo de la glosa del Segundo Informe de Gobierno. En [&hellip;]<\/p>\n","protected":false},"author":1,"featured_media":8408,"comment_status":"open","ping_status":"open","sticky":false,"template":"","format":"standard","meta":{"_jetpack_memberships_contains_paid_content":false,"footnotes":""},"categories":[2],"tags":[],"class_list":["post-8391","post","type-post","status-publish","format-standard","has-post-thumbnail","hentry","category-estado"],"jetpack_featured_media_url":"https:\/\/encuentroinformativo.com.mx\/wp-content\/uploads\/2020\/11\/01E7E35E-04AC-41A7-AE2F-9B0DFD5F38A3.jpeg","jetpack_sharing_enabled":true,"jetpack_likes_enabled":true,"amp_enabled":true,"_links":{"self":[{"href":"https:\/\/encuentroinformativo.com.mx\/index.php?rest_route=\/wp\/v2\/posts\/8391","targetHints":{"allow":["GET"]}}],"collection":[{"href":"https:\/\/encuentroinformativo.com.mx\/index.php?rest_route=\/wp\/v2\/posts"}],"about":[{"href":"https:\/\/encuentroinformativo.com.mx\/index.php?rest_route=\/wp\/v2\/types\/post"}],"author":[{"embeddable":true,"href":"https:\/\/encuentroinformativo.com.mx\/index.php?rest_route=\/wp\/v2\/users\/1"}],"replies":[{"embeddable":true,"href":"https:\/\/encuentroinformativo.com.mx\/index.php?rest_route=%2Fwp%2Fv2%2Fcomments&post=8391"}],"version-history":[{"count":2,"href":"https:\/\/encuentroinformativo.com.mx\/index.php?rest_route=\/wp\/v2\/posts\/8391\/revisions"}],"predecessor-version":[{"id":8409,"href":"https:\/\/encuentroinformativo.com.mx\/index.php?rest_route=\/wp\/v2\/posts\/8391\/revisions\/8409"}],"wp:featuredmedia":[{"embeddable":true,"href":"https:\/\/encuentroinformativo.com.mx\/index.php?rest_route=\/wp\/v2\/media\/8408"}],"wp:attachment":[{"href":"https:\/\/encuentroinformativo.com.mx\/index.php?rest_route=%2Fwp%2Fv2%2Fmedia&parent=8391"}],"wp:term":[{"taxonomy":"category","embeddable":true,"href":"https:\/\/encuentroinformativo.com.mx\/index.php?rest_route=%2Fwp%2Fv2%2Fcategories&post=8391"},{"taxonomy":"post_tag","embeddable":true,"href":"https:\/\/encuentroinformativo.com.mx\/index.php?rest_route=%2Fwp%2Fv2%2Ftags&post=8391"}],"curies":[{"name":"wp","href":"https:\/\/api.w.org\/{rel}","templated":true}]}}